{"id":221,"date":"2008-06-11T06:39:29","date_gmt":"2008-06-11T05:39:29","guid":{"rendered":"http:\/\/mav.leine-solling.de\/neu\/?p=221"},"modified":"2008-06-11T06:39:29","modified_gmt":"2008-06-11T05:39:29","slug":"abschluss-in-der-adk-endlich-geschafft","status":"publish","type":"post","link":"https:\/\/mav.leine-solling.de\/?p=221","title":{"rendered":"Abschluss in der ADK endlich geschafft!"},"content":{"rendered":"<p>Laut einer Mitteilung auf der Homepage des Mitarbeitervertretungsverbandes (www.<abbr class='c2c-text-hover' title='Mitarbeitervertretungsverband'>mvv<\/abbr>-k.de) wurde in der gestrigen Sitzung in der <abbr class='c2c-text-hover' title='Arbeits- und Dienstrechtliche Kommission'>ADK<\/abbr> die <strong>grunds\u00e4tzliche Anwendung<\/strong> der Bestimmungen des <abbr class='c2c-text-hover' title='Tarifvertrag der L\u00e4nder'>TV-L<\/abbr> durch die\u00a0Anpassung der <abbr class='c2c-text-hover' title='Dienstvertragsordnung'>DVO<\/abbr> beschlossen! <!--more--><\/p>\n<p>-Es konnten <strong>keine Ausgleichsleistungen<\/strong> f\u00fcr das versp\u00e4tete Inkrafttreten\u00a0des <abbr class='c2c-text-hover' title='Tarifvertrag der L\u00e4nder'>TV-L<\/abbr> (01.11.2006 beim Land Niedersachsen) durchgesetzt werden.<\/p>\n<p>-Doch es\u00a0gilt die <strong>38,5 Stundenwoche<\/strong> f\u00fcr alle Besch\u00e4ftigten (ab 01.01.2009).<br \/>\n-Die <strong>Einmalzahlung<\/strong> erfolgt nach <abbr class='c2c-text-hover' title='Tarifvertrag der L\u00e4nder'>TV-L<\/abbr> in H\u00f6he von 910, 610 und 210 \u20ac je nach Entgeltgruppe (im Juli 2008).<\/p>\n<p>&#8211; <strong>2,9% Lohnerh\u00f6hung ab 2008<\/strong> wird in in 2 Sonderzahlungen (August und Dezember 2008) \u00fcberwiesen.<\/p>\n<p>-Die <strong>Jahressonderzahlung richtet sich nach <abbr class='c2c-text-hover' title='Tarifvertrag der L\u00e4nder'>TV-L<\/abbr><\/strong> mit 95, 80, 50 und 35% je nach Entgeltgruppe (November 2008).<\/p>\n<p>-Die neuen Regelungen treten zum 01.01.2009 inklusive der \u00dcberleitungen (wie TV-\u00dc, doch <strong>ohne Strukturausgleich und Leistungsentgelt)<\/strong> in Kraft.<\/p>\n<p>-Die einwendungsberechtigten Stellen\u00a0sollen bis zum 27.06.2008 den Verzicht auf Einwendungen erkl\u00e4ren, damit die Bestimmungen ohne weitere Verz\u00f6gerungen umgesetzt werden k\u00f6nnen.<br \/>\nMehr dazu, die Bewertung und Stellungnahme des Arbeitnehmerb\u00fcndnisses wird in K\u00fcrze ver\u00f6ffentlicht!<\/p>\n","protected":false},"excerpt":{"rendered":"<p>Laut einer Mitteilung auf der Homepage des Mitarbeitervertretungsverbandes (www.<abbr class='c2c-text-hover' title='Mitarbeitervertretungsverband'>mvv<\/abbr>-k.de) wurde in der gestrigen Sitzung in der <abbr class='c2c-text-hover' title='Arbeits- und Dienstrechtliche Kommission'>ADK<\/abbr> die grunds\u00e4tzliche Anwendung der Bestimmungen des <abbr class='c2c-text-hover' title='Tarifvertrag der L\u00e4nder'>TV-L<\/abbr> durch die\u00a0Anpassung der <abbr class='c2c-text-hover' title='Dienstvertragsordnung'>DVO<\/abbr> beschlossen!<\/p>\n","protected":false},"author":1,"featured_media":0,"comment_status":"open","ping_status":"closed","sticky":false,"template":"","format":"standard","meta":{"footnotes":""},"categories":[1],"tags":[],"class_list":["post-221","post","type-post","status-publish","format-standard","hentry","category-informationen"],"_links":{"self":[{"href":"https:\/\/mav.leine-solling.de\/index.php?rest_route=\/wp\/v2\/posts\/221","targetHints":{"allow":["GET"]}}],"collection":[{"href":"https:\/\/mav.leine-solling.de\/index.php?rest_route=\/wp\/v2\/posts"}],"about":[{"href":"https:\/\/mav.leine-solling.de\/index.php?rest_route=\/wp\/v2\/types\/post"}],"author":[{"embeddable":true,"href":"https:\/\/mav.leine-solling.de\/index.php?rest_route=\/wp\/v2\/users\/1"}],"replies":[{"embeddable":true,"href":"https:\/\/mav.leine-solling.de\/index.php?rest_route=%2Fwp%2Fv2%2Fcomments&post=221"}],"version-history":[{"count":0,"href":"https:\/\/mav.leine-solling.de\/index.php?rest_route=\/wp\/v2\/posts\/221\/revisions"}],"wp:attachment":[{"href":"https:\/\/mav.leine-solling.de\/index.php?rest_route=%2Fwp%2Fv2%2Fmedia&parent=221"}],"wp:term":[{"taxonomy":"category","embeddable":true,"href":"https:\/\/mav.leine-solling.de\/index.php?rest_route=%2Fwp%2Fv2%2Fcategories&post=221"},{"taxonomy":"post_tag","embeddable":true,"href":"https:\/\/mav.leine-solling.de\/index.php?rest_route=%2Fwp%2Fv2%2Ftags&post=221"}],"curies":[{"name":"wp","href":"https:\/\/api.w.org\/{rel}","templated":true}]}}