{"id":2207,"date":"2015-02-24T11:37:02","date_gmt":"2015-02-24T10:37:02","guid":{"rendered":"http:\/\/mav.leine-solling.de\/?p=2207"},"modified":"2015-02-24T11:37:50","modified_gmt":"2015-02-24T10:37:50","slug":"erste-tarifverhandlungsrunde-fuer-den-oeffentlichen-dienst-der-laender","status":"publish","type":"post","link":"https:\/\/mav.leine-solling.de\/?p=2207","title":{"rendered":"Erste Tarifverhandlungsrunde f\u00fcr den \u00f6ffentlichen Dienst der L\u00e4nder"},"content":{"rendered":"<p>Zwischen den Tarifparteien f\u00fcr die Besch\u00e4ftigten im \u00f6ffentlichen Dienst der L\u00e4nder wird seit Mitte Februar \u00fcber die neue Tarifrunde verhandelt, bislang noch ohne Ergebnis. Tarifverhandlungen im Bereich des <abbr class='c2c-text-hover' title='Tarifvertrag der L\u00e4nder'>TV-L<\/abbr> sind auch f\u00fcr kirchliche Mitarbeitende von h\u00f6chstem Interesse, da die Dienstvertragsordnung (<abbr class='c2c-text-hover' title='Dienstvertragsordnung'>DVO<\/abbr>) in \u00a72 bestimmt, dass dieser Tarifvertrag in der f\u00fcr das Land Niedersachsen jeweils geltenden Fassung auf die Dienstverh\u00e4ltnisse der Mitarbeitenden anzuwenden ist, wenn die <abbr class='c2c-text-hover' title='Dienstvertragsordnung'>DVO<\/abbr> nichts Abweichendes bestimmt. D.h. es ist zu erwarten, dass die Ergebnisse der Tarifverhandlungen auch im kirchlichen Bereich \u00fcbernommen werden.<\/p>\n<p>\u00dcber die Forderungen von ver.di und GEW sowie den Stand der Verhandlungen informiert der Gesamtausschuss <a title=\"externer Link zur Seite des Gesamtausschusses\" href=\"http:\/\/www.gamav.de\/archiv\/2015\/tarifverhandlungen_tv_l_20-02-2015.htm\" target=\"_blank\">hier.<\/a> Dort sind auch die aktuellen Stellungnahmen von ver.di und GEW zu finden. Wer also wissen will, wie es demn\u00e4chst mit seinem Gehalt weiter gehen soll, kann sich dort informieren.<\/p>\n<p>&nbsp;<\/p>\n","protected":false},"excerpt":{"rendered":"<p>Zwischen den Tarifparteien f\u00fcr die Besch\u00e4ftigten im \u00f6ffentlichen Dienst der L\u00e4nder wird seit Mitte Februar \u00fcber die neue Tarifrunde verhandelt, bislang noch ohne Ergebnis. Tarifverhandlungen im Bereich des <abbr class='c2c-text-hover' title='Tarifvertrag der L\u00e4nder'>TV-L<\/abbr> sind auch f\u00fcr kirchliche Mitarbeitende von h\u00f6chstem Interesse, da die Dienstvertragsordnung (<abbr class='c2c-text-hover' title='Dienstvertragsordnung'>DVO<\/abbr>) in \u00a72 bestimmt, dass dieser Tarifvertrag in der f\u00fcr das Land Niedersachsen jeweils geltenden [&hellip;]<\/p>\n","protected":false},"author":1,"featured_media":0,"comment_status":"closed","ping_status":"closed","sticky":false,"template":"","format":"standard","meta":{"footnotes":""},"categories":[1],"tags":[21,61,75,18],"class_list":["post-2207","post","type-post","status-publish","format-standard","hentry","category-informationen","tag-dienstvertragsordnung","tag-tarifverhandlung","tag-tv-l","tag-ver-di"],"_links":{"self":[{"href":"https:\/\/mav.leine-solling.de\/index.php?rest_route=\/wp\/v2\/posts\/2207","targetHints":{"allow":["GET"]}}],"collection":[{"href":"https:\/\/mav.leine-solling.de\/index.php?rest_route=\/wp\/v2\/posts"}],"about":[{"href":"https:\/\/mav.leine-solling.de\/index.php?rest_route=\/wp\/v2\/types\/post"}],"author":[{"embeddable":true,"href":"https:\/\/mav.leine-solling.de\/index.php?rest_route=\/wp\/v2\/users\/1"}],"replies":[{"embeddable":true,"href":"https:\/\/mav.leine-solling.de\/index.php?rest_route=%2Fwp%2Fv2%2Fcomments&post=2207"}],"version-history":[{"count":2,"href":"https:\/\/mav.leine-solling.de\/index.php?rest_route=\/wp\/v2\/posts\/2207\/revisions"}],"predecessor-version":[{"id":4160,"href":"https:\/\/mav.leine-solling.de\/index.php?rest_route=\/wp\/v2\/posts\/2207\/revisions\/4160"}],"wp:attachment":[{"href":"https:\/\/mav.leine-solling.de\/index.php?rest_route=%2Fwp%2Fv2%2Fmedia&parent=2207"}],"wp:term":[{"taxonomy":"category","embeddable":true,"href":"https:\/\/mav.leine-solling.de\/index.php?rest_route=%2Fwp%2Fv2%2Fcategories&post=2207"},{"taxonomy":"post_tag","embeddable":true,"href":"https:\/\/mav.leine-solling.de\/index.php?rest_route=%2Fwp%2Fv2%2Ftags&post=2207"}],"curies":[{"name":"wp","href":"https:\/\/api.w.org\/{rel}","templated":true}]}}