{"id":2160,"date":"2014-12-05T11:30:48","date_gmt":"2014-12-05T10:30:48","guid":{"rendered":"http:\/\/mav.leine-solling.de\/?p=2160"},"modified":"2014-12-09T10:43:22","modified_gmt":"2014-12-09T09:43:22","slug":"mitarbeiterversammlung-mit-feuer-und-flamme","status":"publish","type":"post","link":"https:\/\/mav.leine-solling.de\/?p=2160","title":{"rendered":"Mitarbeiterversammlung mit Feuer und Flamme"},"content":{"rendered":"<p><strong>Diesj\u00e4hrige Mitarbeiterversammlung erfolgreich abgehalten<\/strong>. Etwa 50 Mitarbeitende des Kirchenkreises Leine-Solling fanden den Weg in die Moringer Winterkirche zur Mitarbeiterversammlung am 13.11.2014.<\/p>\n<p><a href=\"https:\/\/mav.leine-solling.de\/wp-content\/uploads\/2014\/12\/2014-11-13-19.47.45.jpg\"><img loading=\"lazy\" decoding=\"async\" class=\"aligncenter wp-image-2162 \" src=\"https:\/\/mav.leine-solling.de\/wp-content\/uploads\/2014\/12\/2014-11-13-19.47.45-300x119.jpg\" alt=\"Bild der Mitarbeiterversammlung 2014\" width=\"461\" height=\"183\" srcset=\"https:\/\/mav.leine-solling.de\/wp-content\/uploads\/2014\/12\/2014-11-13-19.47.45-300x119.jpg 300w, https:\/\/mav.leine-solling.de\/wp-content\/uploads\/2014\/12\/2014-11-13-19.47.45-900x359.jpg 900w, https:\/\/mav.leine-solling.de\/wp-content\/uploads\/2014\/12\/2014-11-13-19.47.45.jpg 1023w\" sizes=\"auto, (max-width: 461px) 100vw, 461px\" \/><\/a><\/p>\n<p>Nach einer Andacht durch Pastor B\u00fcttner erstattete G\u00fcnter St\u00f6fer den obligatorischen T\u00e4tigkeitsbericht f\u00fcr die <abbr class='c2c-text-hover' title='Mitarbeitervertretung'>MAV<\/abbr> Leine-Solling.<\/p>\n<p>Im Anschluss stellte sich Ute R\u00e4biger als Gleichstellungsbeauftragte des Kirchenkreises (wir berichteten <a title=\"Kirchenkreis hat Gleichberechtigungsbeauftragte\" href=\"https:\/\/mav.leine-solling.de\/?p=2034\">hier<\/a>) vor. Die Kontaktdaten kann man jetzt auch auf der Internetseite des Kirchenkreises (<a title=\"externer Link zur Seite der Geleichstellungsbeauftragten \" href=\"http:\/\/www.leine-solling.de\/einrichtungen_und_angebote\/gleichstellungsbeauftragte\" target=\"_blank\">hier<\/a>) nachlesen.<\/p>\n<p>Nach der Pause, die, wie immer, neben W\u00fcrstchen und Getr\u00e4nken auch mit vielen angeregten Gespr\u00e4chen gef\u00fcllt wurde (&#8222;Was ich schon immer mal die <abbr class='c2c-text-hover' title='Mitarbeitervertretung'>MAV<\/abbr> fragen wollte&#8230;&#8220;) wurde es richtig hei\u00df:<\/p>\n<p><a href=\"https:\/\/mav.leine-solling.de\/wp-content\/uploads\/2014\/12\/2014-11-13-19.47.37.jpg\"><img loading=\"lazy\" decoding=\"async\" class=\"aligncenter wp-image-2164 \" src=\"https:\/\/mav.leine-solling.de\/wp-content\/uploads\/2014\/12\/2014-11-13-19.47.37-300x179.jpg\" alt=\"Noch ein Bild der Mitarbeiterversammlung 2014\" width=\"461\" height=\"275\" srcset=\"https:\/\/mav.leine-solling.de\/wp-content\/uploads\/2014\/12\/2014-11-13-19.47.37-300x179.jpg 300w, https:\/\/mav.leine-solling.de\/wp-content\/uploads\/2014\/12\/2014-11-13-19.47.37-1024x612.jpg 1024w, https:\/\/mav.leine-solling.de\/wp-content\/uploads\/2014\/12\/2014-11-13-19.47.37-900x538.jpg 900w\" sizes=\"auto, (max-width: 461px) 100vw, 461px\" \/><\/a><\/p>\n<p>Steffen Ebrecht von der <abbr class='c2c-text-hover' title='Evangelische Fachstelle f\u00fcr Arbeitssicherheit'>EFAS<\/abbr> berichtete \u00fcber Brandschutz und das richtige Verhalten bei Br\u00e4nden. Hierbei wurde vor allem deutlich, wie wichtig die Vorbeugung von Br\u00e4nden ist. Vor allem das Video\u00a0vom brennenden Weihnachtsbaum, der nach 45 Sekunden eine t\u00f6dliche Rauchgaswolke im ganzen Raum verursacht hatte, f\u00fchrte zu erregten Diskussionen im Publikum.<\/p>\n<p><video poster=\"http:\/\/filmplakate01.prohost.de\/5239424577\/9856552924.jpg\" preload=\"metadata\" controls=\"controls\" width=\"440\" height=\"320\"><source src=\"http:\/\/filmprojektor01.prohost.de\/5239424577\/9856552924.768\" type=\"video\/mp4\" \/><source src=\"http:\/\/filmprojektor01.prohost.de\/5239424577\/9856552924.768.ogg\" type=\"video\/ogg\" \/><source src=\"http:\/\/filmprojektor01.prohost.de\/5239424577\/9856552924.768.mobile.mp4\" type=\"video\/mp4\" \/>Your browser does not support the html5 video tag.<\/video><\/p>\n<pre><em>(Quelle: www.nist.gov)<\/em><\/pre>\n<p>Wenn man dann noch Kinder zusammen suchen m\u00fcsste, w\u00fcrde es richtig eng. Die <abbr class='c2c-text-hover' title='Mitarbeitervertretung'>MAV<\/abbr> wird daher im n\u00e4chsten Jahr verst\u00e4rkt \u00fcber das Thema Brandschutz informieren.<\/p>\n","protected":false},"excerpt":{"rendered":"<p>Diesj\u00e4hrige Mitarbeiterversammlung erfolgreich abgehalten. Etwa 50 Mitarbeitende des Kirchenkreises Leine-Solling fanden den Weg in die Moringer Winterkirche zur Mitarbeiterversammlung am 13.11.2014. Nach einer Andacht durch Pastor B\u00fcttner erstattete G\u00fcnter St\u00f6fer den obligatorischen T\u00e4tigkeitsbericht f\u00fcr die <abbr class='c2c-text-hover' title='Mitarbeitervertretung'>MAV<\/abbr> Leine-Solling. Im Anschluss stellte sich Ute R\u00e4biger als Gleichstellungsbeauftragte des Kirchenkreises (wir berichteten hier) vor. Die Kontaktdaten kann man [&hellip;]<\/p>\n","protected":false},"author":1,"featured_media":0,"comment_status":"closed","ping_status":"closed","sticky":false,"template":"","format":"standard","meta":{"footnotes":""},"categories":[1],"tags":[37,89,38,90,22],"class_list":["post-2160","post","type-post","status-publish","format-standard","hentry","category-informationen","tag-arbeitssicherheit","tag-brandschutz","tag-efas","tag-gleichstellungsbeauftragte","tag-mitarbeiterversammlung"],"_links":{"self":[{"href":"https:\/\/mav.leine-solling.de\/index.php?rest_route=\/wp\/v2\/posts\/2160","targetHints":{"allow":["GET"]}}],"collection":[{"href":"https:\/\/mav.leine-solling.de\/index.php?rest_route=\/wp\/v2\/posts"}],"about":[{"href":"https:\/\/mav.leine-solling.de\/index.php?rest_route=\/wp\/v2\/types\/post"}],"author":[{"embeddable":true,"href":"https:\/\/mav.leine-solling.de\/index.php?rest_route=\/wp\/v2\/users\/1"}],"replies":[{"embeddable":true,"href":"https:\/\/mav.leine-solling.de\/index.php?rest_route=%2Fwp%2Fv2%2Fcomments&post=2160"}],"version-history":[{"count":19,"href":"https:\/\/mav.leine-solling.de\/index.php?rest_route=\/wp\/v2\/posts\/2160\/revisions"}],"predecessor-version":[{"id":2163,"href":"https:\/\/mav.leine-solling.de\/index.php?rest_route=\/wp\/v2\/posts\/2160\/revisions\/2163"}],"wp:attachment":[{"href":"https:\/\/mav.leine-solling.de\/index.php?rest_route=%2Fwp%2Fv2%2Fmedia&parent=2160"}],"wp:term":[{"taxonomy":"category","embeddable":true,"href":"https:\/\/mav.leine-solling.de\/index.php?rest_route=%2Fwp%2Fv2%2Fcategories&post=2160"},{"taxonomy":"post_tag","embeddable":true,"href":"https:\/\/mav.leine-solling.de\/index.php?rest_route=%2Fwp%2Fv2%2Ftags&post=2160"}],"curies":[{"name":"wp","href":"https:\/\/api.w.org\/{rel}","templated":true}]}}