{"id":2078,"date":"2014-09-02T10:49:30","date_gmt":"2014-09-02T09:49:30","guid":{"rendered":"http:\/\/mav.leine-solling.de\/?p=2078"},"modified":"2014-09-23T08:53:26","modified_gmt":"2014-09-23T07:53:26","slug":"die-dritte-fachkraft-in-den-krippen-kommt-gesetzlich-verankert-und-vollstaendig-vom-land-finanziert","status":"publish","type":"post","link":"https:\/\/mav.leine-solling.de\/?p=2078","title":{"rendered":"&#8222;Die dritte Fachkraft in den Krippen kommt &#8211; gesetzlich verankert und vollst\u00e4ndig vom Land finanziert &#8222;"},"content":{"rendered":"<p>sagt laut einer <a href=\"http:\/\/www.gamav.de\/archiv\/2014\/pressemitteilung_kultusministerium_08_2014.pdf\" target=\"_blank\">Pressemitteilung<\/a> des nieders\u00e4chsischen Kultusministeriums die nieders\u00e4chsische Kultusministerin Frauke Heiligenstadt.<\/p>\n<p>Tats\u00e4chlich soll es sogar schneller gehen, als gehofft. Im Vorgriff auf ein zu \u00e4nderndes <abbr class='c2c-text-hover' title='Kindertagesst\u00e4tte'>KiTa<\/abbr>-Gesetz will die Landesregierung ab 1.1.2015 eine zus\u00e4tzliche dritte Fachkraft in den Krippen mit zun\u00e4chst 20 Wochenstunden pro Gruppe finanzieren. <!--more-->Die Finanzierungspauschale ist berechnet auf der Grundlage der Geh\u00e4lter von Sozialassistenten und Sozialassistentinnen. Bis 2020 soll diese F\u00f6rderung j\u00e4hrlich um je 3 Wochenstunden erh\u00f6ht werden.<\/p>\n<p>Die <abbr class='c2c-text-hover' title='Mitarbeitervertretung'>MAV<\/abbr> begr\u00fc\u00dft die Verbesserung f\u00fcr Mitarbeitende in den Krippen. Aber es muss daran erinnert werden, das auch die Arbeitsbelastungen in den anderen <abbr class='c2c-text-hover' title='Kindertagesst\u00e4tte'>KiTa<\/abbr> Gruppen deutlich zu hoch sind und auch hier Verbesserungen dringend notwendig w\u00e4ren.<\/p>\n<p>Dar\u00fcber hinaus stellt sich die Frage, woher das qualifizierte Fachpersonal denn kommen soll, das man gerne einstellen m\u00f6chte. Schon heute k\u00f6nnen viele\u00a0Stellen in der fr\u00fchkindlichen Erziehung nur mit M\u00fche besetzt werden. Die unzureichende Bezahlung der Mitarbeitenden im Erziehungsbereich und die hohen k\u00f6rperlichen und psychischen Belastungen lassen\u00a0viele von den entsprechenden Ausbildungen zur\u00fcck schrecken. Hier gibt es f\u00fcr die Politik noch viel zu verbessern.<\/p>\n<p>Aber mit der dritten Kraft in den Krippen ist immerhin ein kleiner Schritt in die richtige Richtung getan. Mutig voran. Lasst gro\u00dfe Schritte folgen!<\/p>\n","protected":false},"excerpt":{"rendered":"<p>sagt laut einer Pressemitteilung des nieders\u00e4chsischen Kultusministeriums die nieders\u00e4chsische Kultusministerin Frauke Heiligenstadt. Tats\u00e4chlich soll es sogar schneller gehen, als gehofft. Im Vorgriff auf ein zu \u00e4nderndes <abbr class='c2c-text-hover' title='Kindertagesst\u00e4tte'>KiTa<\/abbr>-Gesetz will die Landesregierung ab 1.1.2015 eine zus\u00e4tzliche dritte Fachkraft in den Krippen mit zun\u00e4chst 20 Wochenstunden pro Gruppe finanzieren.<\/p>\n","protected":false},"author":1,"featured_media":0,"comment_status":"closed","ping_status":"closed","sticky":false,"template":"","format":"standard","meta":{"footnotes":""},"categories":[1],"tags":[],"class_list":["post-2078","post","type-post","status-publish","format-standard","hentry","category-informationen"],"_links":{"self":[{"href":"https:\/\/mav.leine-solling.de\/index.php?rest_route=\/wp\/v2\/posts\/2078","targetHints":{"allow":["GET"]}}],"collection":[{"href":"https:\/\/mav.leine-solling.de\/index.php?rest_route=\/wp\/v2\/posts"}],"about":[{"href":"https:\/\/mav.leine-solling.de\/index.php?rest_route=\/wp\/v2\/types\/post"}],"author":[{"embeddable":true,"href":"https:\/\/mav.leine-solling.de\/index.php?rest_route=\/wp\/v2\/users\/1"}],"replies":[{"embeddable":true,"href":"https:\/\/mav.leine-solling.de\/index.php?rest_route=%2Fwp%2Fv2%2Fcomments&post=2078"}],"version-history":[{"count":6,"href":"https:\/\/mav.leine-solling.de\/index.php?rest_route=\/wp\/v2\/posts\/2078\/revisions"}],"predecessor-version":[{"id":2095,"href":"https:\/\/mav.leine-solling.de\/index.php?rest_route=\/wp\/v2\/posts\/2078\/revisions\/2095"}],"wp:attachment":[{"href":"https:\/\/mav.leine-solling.de\/index.php?rest_route=%2Fwp%2Fv2%2Fmedia&parent=2078"}],"wp:term":[{"taxonomy":"category","embeddable":true,"href":"https:\/\/mav.leine-solling.de\/index.php?rest_route=%2Fwp%2Fv2%2Fcategories&post=2078"},{"taxonomy":"post_tag","embeddable":true,"href":"https:\/\/mav.leine-solling.de\/index.php?rest_route=%2Fwp%2Fv2%2Ftags&post=2078"}],"curies":[{"name":"wp","href":"https:\/\/api.w.org\/{rel}","templated":true}]}}