{"id":2042,"date":"2014-07-11T09:37:33","date_gmt":"2014-07-11T08:37:33","guid":{"rendered":"http:\/\/mav.leine-solling.de\/?p=2042"},"modified":"2014-07-11T09:37:33","modified_gmt":"2014-07-11T08:37:33","slug":"neuer-efas-newsletter-2","status":"publish","type":"post","link":"https:\/\/mav.leine-solling.de\/?p=2042","title":{"rendered":"Neuer EFAS Newsletter"},"content":{"rendered":"<p><a href=\"https:\/\/mav.leine-solling.de\/wp-content\/uploads\/2014\/03\/EFAS-Logo.jpg\"><img loading=\"lazy\" decoding=\"async\" class=\"aligncenter size-medium wp-image-1963\" src=\"https:\/\/mav.leine-solling.de\/wp-content\/uploads\/2014\/03\/EFAS-Logo-300x161.jpg\" alt=\"EFAS Logo\" width=\"300\" height=\"161\" srcset=\"https:\/\/mav.leine-solling.de\/wp-content\/uploads\/2014\/03\/EFAS-Logo-300x161.jpg 300w, https:\/\/mav.leine-solling.de\/wp-content\/uploads\/2014\/03\/EFAS-Logo.jpg 329w\" sizes=\"auto, (max-width: 300px) 100vw, 300px\" \/><\/a><\/p>\n<p>Die Evangelische Fachstelle f\u00fcr Arbeits- und Gesundheitsschutz (<abbr class='c2c-text-hover' title='Evangelische Fachstelle f\u00fcr Arbeitssicherheit'>EFAS<\/abbr>) hat einen neuen Newsletter herausgegeben. Die Themen diesmal:<\/p>\n<ul>\n<li>Gef\u00e4hrdungsbeurteilung im Gespr\u00e4ch<\/li>\n<li>Sicht- und Funktionspr\u00fcfung von Leitern und Tritten<\/li>\n<li>\u201eMein pers\u00f6nliches Stressprofil\u201c<\/li>\n<li>\u201eFunktionelle, sichere und nutzerfreundliche Treppen\u201c<\/li>\n<li>Warnwesten-Pflicht seit dem 01. Juli 2014<\/li>\n<\/ul>\n<p><a href=\"https:\/\/mav.leine-solling.de\/wp-content\/uploads\/2014\/07\/EFAS_Newsletter-2.-Quartal-2014.pdf\">Hier klicken<\/a>\u00a0um den Newsletter direkt zu lesen.<\/p>\n","protected":false},"excerpt":{"rendered":"<p>Die Evangelische Fachstelle f\u00fcr Arbeits- und Gesundheitsschutz (<abbr class='c2c-text-hover' title='Evangelische Fachstelle f\u00fcr Arbeitssicherheit'>EFAS<\/abbr>) hat einen neuen Newsletter herausgegeben. Die Themen diesmal: Gef\u00e4hrdungsbeurteilung im Gespr\u00e4ch Sicht- und Funktionspr\u00fcfung von Leitern und Tritten \u201eMein pers\u00f6nliches Stressprofil\u201c \u201eFunktionelle, sichere und nutzerfreundliche Treppen\u201c Warnwesten-Pflicht seit dem 01. Juli 2014 Hier klicken\u00a0um den Newsletter direkt zu lesen.<\/p>\n","protected":false},"author":1,"featured_media":0,"comment_status":"closed","ping_status":"closed","sticky":false,"template":"","format":"standard","meta":{"footnotes":""},"categories":[1],"tags":[37,38,84,27],"class_list":["post-2042","post","type-post","status-publish","format-standard","hentry","category-informationen","tag-arbeitssicherheit","tag-efas","tag-gefaehrdungsbeurteilung","tag-stress"],"_links":{"self":[{"href":"https:\/\/mav.leine-solling.de\/index.php?rest_route=\/wp\/v2\/posts\/2042","targetHints":{"allow":["GET"]}}],"collection":[{"href":"https:\/\/mav.leine-solling.de\/index.php?rest_route=\/wp\/v2\/posts"}],"about":[{"href":"https:\/\/mav.leine-solling.de\/index.php?rest_route=\/wp\/v2\/types\/post"}],"author":[{"embeddable":true,"href":"https:\/\/mav.leine-solling.de\/index.php?rest_route=\/wp\/v2\/users\/1"}],"replies":[{"embeddable":true,"href":"https:\/\/mav.leine-solling.de\/index.php?rest_route=%2Fwp%2Fv2%2Fcomments&post=2042"}],"version-history":[{"count":1,"href":"https:\/\/mav.leine-solling.de\/index.php?rest_route=\/wp\/v2\/posts\/2042\/revisions"}],"predecessor-version":[{"id":2044,"href":"https:\/\/mav.leine-solling.de\/index.php?rest_route=\/wp\/v2\/posts\/2042\/revisions\/2044"}],"wp:attachment":[{"href":"https:\/\/mav.leine-solling.de\/index.php?rest_route=%2Fwp%2Fv2%2Fmedia&parent=2042"}],"wp:term":[{"taxonomy":"category","embeddable":true,"href":"https:\/\/mav.leine-solling.de\/index.php?rest_route=%2Fwp%2Fv2%2Fcategories&post=2042"},{"taxonomy":"post_tag","embeddable":true,"href":"https:\/\/mav.leine-solling.de\/index.php?rest_route=%2Fwp%2Fv2%2Ftags&post=2042"}],"curies":[{"name":"wp","href":"https:\/\/api.w.org\/{rel}","templated":true}]}}