{"id":202,"date":"2008-04-08T09:44:12","date_gmt":"2008-04-08T08:44:12","guid":{"rendered":"http:\/\/mav.leine-solling.de\/neu\/?p=202"},"modified":"2008-04-08T09:45:00","modified_gmt":"2008-04-08T08:45:00","slug":"adk-wie-fruher","status":"publish","type":"post","link":"https:\/\/mav.leine-solling.de\/?p=202","title":{"rendered":"ADK wie fr\u00fcher?"},"content":{"rendered":"<p>Liebe Kolleginnen und Kollegen.<\/p>\n<p>Wir w\u00fcrden an dieser Stelle gerne \u00fcber neue Ergebnisse in der <abbr class='c2c-text-hover' title='Arbeits- und Dienstrechtliche Kommission'>ADK<\/abbr> berichten, k\u00f6nnen aber nicht. Offensichtlich wird verhandelt, aber die verhandelnden Verb\u00e4nde halten die Informationen zur\u00fcck.<!--more--><\/p>\n<p>Eine weitere Arbeitsausschusssitzung soll am 11.04. stattfinden, am 18.04. die hoffentlich abschlie\u00dfende <abbr class='c2c-text-hover' title='Arbeits- und Dienstrechtliche Kommission'>ADK<\/abbr>-Sitzung zu den Themen:<\/p>\n<p>&#8212; Entgelttabelle<br \/>\n&#8212; \u00dcberleitungsregelungen sowie<br \/>\n&#8212; Jahressonderzahlung<\/p>\n<p>Aus der Tatsache, dass das Landeskirchenamt seine eigenen Mitarbeiter zu &#8222;<abbr class='c2c-text-hover' title='Tarifvertrag der L\u00e4nder'>TV-L<\/abbr>-Schulungen&#8220; schickt und die Arbeitnehmerverb\u00e4nde f\u00fcr Mitarbeitervertreter eine Fortbildung zum selben Thema anbieten wollen, mutma\u00dfen wir, dass der <abbr class='c2c-text-hover' title='Tarifvertrag der L\u00e4nder'>TV-L<\/abbr> zuk\u00fcnftig die grundlegenden Bestimmungen f\u00fcr die kirchlichen Besch\u00e4ftigten darstellen wird.<\/p>\n<p>Das ist allerdings nichts Neues.<\/p>\n<p>Die Frage wird sein, wie der <abbr class='c2c-text-hover' title='Tarifvertrag der L\u00e4nder'>TV-L<\/abbr> eingebunden wird und welche Abstriche gegen\u00fcber den Regelungen im \u00f6ffentlichen Dienst vereinbart werden. Wir k\u00f6nnen nur hoffen, dass akzeptable Ergebnisse gefunden werden, die den jetzt Besch\u00e4ftigten Geld ins Portemonnaie bringen und auch in Zukunft kirchliche Arbeitspl\u00e4tze so attraktiv gestalten, dass sie besetzbar bleiben.<\/p>\n<p>Viele Gr\u00fcsse,<\/p>\n<p>G\u00fcnter St\u00f6fer<br \/>\nRolf Behn<\/p>\n","protected":false},"excerpt":{"rendered":"<p>Liebe Kolleginnen und Kollegen. Wir w\u00fcrden an dieser Stelle gerne \u00fcber neue Ergebnisse in der <abbr class='c2c-text-hover' title='Arbeits- und Dienstrechtliche Kommission'>ADK<\/abbr> berichten, k\u00f6nnen aber nicht. Offensichtlich wird verhandelt, aber die verhandelnden Verb\u00e4nde halten die Informationen zur\u00fcck.<\/p>\n","protected":false},"author":1,"featured_media":0,"comment_status":"open","ping_status":"closed","sticky":false,"template":"","format":"standard","meta":{"footnotes":""},"categories":[1],"tags":[],"class_list":["post-202","post","type-post","status-publish","format-standard","hentry","category-informationen"],"_links":{"self":[{"href":"https:\/\/mav.leine-solling.de\/index.php?rest_route=\/wp\/v2\/posts\/202","targetHints":{"allow":["GET"]}}],"collection":[{"href":"https:\/\/mav.leine-solling.de\/index.php?rest_route=\/wp\/v2\/posts"}],"about":[{"href":"https:\/\/mav.leine-solling.de\/index.php?rest_route=\/wp\/v2\/types\/post"}],"author":[{"embeddable":true,"href":"https:\/\/mav.leine-solling.de\/index.php?rest_route=\/wp\/v2\/users\/1"}],"replies":[{"embeddable":true,"href":"https:\/\/mav.leine-solling.de\/index.php?rest_route=%2Fwp%2Fv2%2Fcomments&post=202"}],"version-history":[{"count":0,"href":"https:\/\/mav.leine-solling.de\/index.php?rest_route=\/wp\/v2\/posts\/202\/revisions"}],"wp:attachment":[{"href":"https:\/\/mav.leine-solling.de\/index.php?rest_route=%2Fwp%2Fv2%2Fmedia&parent=202"}],"wp:term":[{"taxonomy":"category","embeddable":true,"href":"https:\/\/mav.leine-solling.de\/index.php?rest_route=%2Fwp%2Fv2%2Fcategories&post=202"},{"taxonomy":"post_tag","embeddable":true,"href":"https:\/\/mav.leine-solling.de\/index.php?rest_route=%2Fwp%2Fv2%2Ftags&post=202"}],"curies":[{"name":"wp","href":"https:\/\/api.w.org\/{rel}","templated":true}]}}