{"id":1991,"date":"2014-05-09T11:23:54","date_gmt":"2014-05-09T10:23:54","guid":{"rendered":"http:\/\/mav.leine-solling.de\/?p=1991"},"modified":"2014-05-12T10:07:53","modified_gmt":"2014-05-12T09:07:53","slug":"fortbildung-der-mav-vom-06-05-2014","status":"publish","type":"post","link":"https:\/\/mav.leine-solling.de\/?p=1991","title":{"rendered":"Fortbildung der MAV vom 06.05.2014"},"content":{"rendered":"<p>Die <abbr class='c2c-text-hover' title='Mitarbeitervertretung'>MAV<\/abbr> organisierte am 06.05. eine Fortbildung f\u00fcr die Sicherheitsbeauftragten in den Kindertagesst\u00e4tten des Kirchenkreises Leine-Solling. Jede <abbr class='c2c-text-hover' title='Kindertagesst\u00e4tte'>KiTa<\/abbr> mit regelm\u00e4\u00dfig mehr als 20 Besch\u00e4ftigten braucht nach dem <abbr class='c2c-text-hover' title='Sozialgesetzbuch'>SGB<\/abbr> VII (mindestens) eine Sicherheitsbeauftragte. Was vielen nicht klar ist, die Kinder z\u00e4hlen als &#8222;Besch\u00e4ftigte&#8220; mit! Und damit gibt es im Kirchenkreis keine <abbr class='c2c-text-hover' title='Kindertagesst\u00e4tte'>KiTa<\/abbr>, die keinen Sicherheitsbeauftragten braucht.<\/p>\n<p><!--more--><\/p>\n<p>Erfreulich: Bis auf eine Einrichtung haben alle Kitas eine Mitarbeiterin zur Fortbildung gesandt. Auch erfreulich: Steffen Ehbrecht, Sicherheitsingenieur der Ev. Fachstelle f\u00fcr Arbeits- und Gesundheitsschutz (<abbr class='c2c-text-hover' title='Evangelische Fachstelle f\u00fcr Arbeitssicherheit'>EFAS<\/abbr>), stand den ganzen Tag mit Kompetenz und Ausdauer f\u00fcr alle Fragen zur Verf\u00fcgung und informierte umfassend. Und er hat es geschafft, die riesige F\u00fclle an Informationen so r\u00fcber zu bringen, das alle &#8222;was mitnehmen&#8220; konnten.<\/p>\n<p>Am Vormittag gab es eine geballte Ladung Rechtliches mit einer &#8222;Schnellbetankung&#8220; zu den Aufgabenfeldern der Sicherheitsbeauftragten in den <abbr class='c2c-text-hover' title='Kindertagesst\u00e4tte'>KiTa<\/abbr>&#8217;s. Nach einem leckeren Mittagessen vom \u00f6rtlichen Metzger, gab es Bewegung: In Begleitung von Steffen Ehbrecht wurde die neugebaute <abbr class='c2c-text-hover' title='Kindertagesst\u00e4tte'>KiTa<\/abbr> in Moringen besichtigt. Vier Gruppen &#8222;untersuchten&#8220; das neue Haus hinsichtlich der Gefahrenbereiche Feuer, Stolpern-St\u00fcrzen, Elektrische Einrichtungen und Quetschen-Klemmen. Hierbei ging es nat\u00fcrlich nicht darum, die Einrichtung &#8222;an den Pranger&#8220; zu stellen, sondern einfach am &#8222;lebenden Objekt&#8220; den Blick zu sch\u00e4rfen f\u00fcr Gefahrenstellen oder gefundene L\u00f6sungen, um Gefahren zu entsch\u00e4rfen.<\/p>\n<p>In einer lebhaften Diskussion wurden die Beispiele aus Moringen und auf den Bildern aus der Praxis der <abbr class='c2c-text-hover' title='Evangelische Fachstelle f\u00fcr Arbeitssicherheit'>EFAS<\/abbr> besprochen. Ein sicher sehr anregender Austausch f\u00fcr die weitere Arbeit der \u00a0Sicherheitsbeauftragten.<\/p>\n<p>Die <abbr class='c2c-text-hover' title='Mitarbeitervertretung'>MAV<\/abbr> dankt der Kirchengemeinde Leine-Weper f\u00fcr die Zurverf\u00fcgungstellung der R\u00e4ume und der aufmerksamen Betreuung. Und wir danken noch mal Steffen Ehbrecht f\u00fcr die Super-Pr\u00e4sentation \u00a0und die vielen mitgebrachten Materialien.<\/p>\n<p>F\u00fcr n\u00e4chstes Jahr haben wir schon eine Nachfolgeveranstaltung angedacht. Themen k\u00f6nnten sein: Kinderschutz (mit einem Referenten der <abbr class='c2c-text-hover' title='Gemeinde Unfallverband'>GUV<\/abbr>) und Praxis der Sicherheitsbeauftragten: Wie machst du das? Wir freuen uns jetzt schon.<\/p>\n<p>Und zum Schluss gibt es noch ein paar Bilder von G\u00fcnter:<\/p>\n<p><a href=\"https:\/\/mav.leine-solling.de\/wp-content\/uploads\/2014\/05\/DSC00447.jpg\"><img loading=\"lazy\" decoding=\"async\" class=\"aligncenter size-medium wp-image-1992\" src=\"https:\/\/mav.leine-solling.de\/wp-content\/uploads\/2014\/05\/DSC00447-300x214.jpg\" alt=\"DSC00447\" width=\"300\" height=\"214\" srcset=\"https:\/\/mav.leine-solling.de\/wp-content\/uploads\/2014\/05\/DSC00447-300x214.jpg 300w, https:\/\/mav.leine-solling.de\/wp-content\/uploads\/2014\/05\/DSC00447-1024x732.jpg 1024w, https:\/\/mav.leine-solling.de\/wp-content\/uploads\/2014\/05\/DSC00447-900x644.jpg 900w\" sizes=\"auto, (max-width: 300px) 100vw, 300px\" \/><\/a> <a href=\"https:\/\/mav.leine-solling.de\/wp-content\/uploads\/2014\/05\/DSC00448.jpg\"><img loading=\"lazy\" decoding=\"async\" class=\"aligncenter size-medium wp-image-1993\" src=\"https:\/\/mav.leine-solling.de\/wp-content\/uploads\/2014\/05\/DSC00448-199x300.jpg\" alt=\"DSC00448\" width=\"199\" height=\"300\" srcset=\"https:\/\/mav.leine-solling.de\/wp-content\/uploads\/2014\/05\/DSC00448-199x300.jpg 199w, https:\/\/mav.leine-solling.de\/wp-content\/uploads\/2014\/05\/DSC00448-680x1024.jpg 680w, https:\/\/mav.leine-solling.de\/wp-content\/uploads\/2014\/05\/DSC00448-900x1354.jpg 900w\" sizes=\"auto, (max-width: 199px) 100vw, 199px\" \/><\/a> <a href=\"https:\/\/mav.leine-solling.de\/wp-content\/uploads\/2014\/05\/DSC00450.jpg\"><img loading=\"lazy\" decoding=\"async\" class=\"aligncenter size-medium wp-image-1994\" src=\"https:\/\/mav.leine-solling.de\/wp-content\/uploads\/2014\/05\/DSC00450-300x240.jpg\" alt=\"DSC00450\" width=\"300\" height=\"240\" srcset=\"https:\/\/mav.leine-solling.de\/wp-content\/uploads\/2014\/05\/DSC00450-300x240.jpg 300w, https:\/\/mav.leine-solling.de\/wp-content\/uploads\/2014\/05\/DSC00450-1024x820.jpg 1024w, https:\/\/mav.leine-solling.de\/wp-content\/uploads\/2014\/05\/DSC00450-900x721.jpg 900w\" sizes=\"auto, (max-width: 300px) 100vw, 300px\" \/><\/a> <a href=\"https:\/\/mav.leine-solling.de\/wp-content\/uploads\/2014\/05\/DSC00452.jpg\"><img loading=\"lazy\" decoding=\"async\" class=\"aligncenter size-medium wp-image-1995\" src=\"https:\/\/mav.leine-solling.de\/wp-content\/uploads\/2014\/05\/DSC00452-300x221.jpg\" alt=\"DSC00452\" width=\"300\" height=\"221\" srcset=\"https:\/\/mav.leine-solling.de\/wp-content\/uploads\/2014\/05\/DSC00452-300x221.jpg 300w, https:\/\/mav.leine-solling.de\/wp-content\/uploads\/2014\/05\/DSC00452-1024x755.jpg 1024w, https:\/\/mav.leine-solling.de\/wp-content\/uploads\/2014\/05\/DSC00452-900x664.jpg 900w\" sizes=\"auto, (max-width: 300px) 100vw, 300px\" \/><\/a> <a href=\"https:\/\/mav.leine-solling.de\/wp-content\/uploads\/2014\/05\/DSC00454.jpg\"><img loading=\"lazy\" decoding=\"async\" class=\"aligncenter size-medium wp-image-1996\" src=\"https:\/\/mav.leine-solling.de\/wp-content\/uploads\/2014\/05\/DSC00454-300x199.jpg\" alt=\"DSC00454\" width=\"300\" height=\"199\" srcset=\"https:\/\/mav.leine-solling.de\/wp-content\/uploads\/2014\/05\/DSC00454-300x199.jpg 300w, https:\/\/mav.leine-solling.de\/wp-content\/uploads\/2014\/05\/DSC00454-1024x680.jpg 1024w, https:\/\/mav.leine-solling.de\/wp-content\/uploads\/2014\/05\/DSC00454-900x598.jpg 900w\" sizes=\"auto, (max-width: 300px) 100vw, 300px\" \/><\/a> <a href=\"https:\/\/mav.leine-solling.de\/wp-content\/uploads\/2014\/05\/DSC00456.jpg\"><img loading=\"lazy\" decoding=\"async\" class=\"aligncenter size-medium wp-image-1997\" src=\"https:\/\/mav.leine-solling.de\/wp-content\/uploads\/2014\/05\/DSC00456-300x199.jpg\" alt=\"DSC00456\" width=\"300\" height=\"199\" srcset=\"https:\/\/mav.leine-solling.de\/wp-content\/uploads\/2014\/05\/DSC00456-300x199.jpg 300w, https:\/\/mav.leine-solling.de\/wp-content\/uploads\/2014\/05\/DSC00456-1024x680.jpg 1024w, https:\/\/mav.leine-solling.de\/wp-content\/uploads\/2014\/05\/DSC00456-900x598.jpg 900w\" sizes=\"auto, (max-width: 300px) 100vw, 300px\" \/><\/a> <a href=\"https:\/\/mav.leine-solling.de\/wp-content\/uploads\/2014\/05\/DSC00460.jpg\"><img loading=\"lazy\" decoding=\"async\" class=\"aligncenter size-medium wp-image-1998\" src=\"https:\/\/mav.leine-solling.de\/wp-content\/uploads\/2014\/05\/DSC00460-300x206.jpg\" alt=\"DSC00460\" width=\"300\" height=\"206\" srcset=\"https:\/\/mav.leine-solling.de\/wp-content\/uploads\/2014\/05\/DSC00460-300x206.jpg 300w, https:\/\/mav.leine-solling.de\/wp-content\/uploads\/2014\/05\/DSC00460-1024x704.jpg 1024w, https:\/\/mav.leine-solling.de\/wp-content\/uploads\/2014\/05\/DSC00460-900x619.jpg 900w\" sizes=\"auto, (max-width: 300px) 100vw, 300px\" \/><\/a> <a href=\"https:\/\/mav.leine-solling.de\/wp-content\/uploads\/2014\/05\/DSC00462.jpg\"><img loading=\"lazy\" decoding=\"async\" class=\"aligncenter size-medium wp-image-1999\" src=\"https:\/\/mav.leine-solling.de\/wp-content\/uploads\/2014\/05\/DSC00462-220x300.jpg\" alt=\"DSC00462\" width=\"220\" height=\"300\" srcset=\"https:\/\/mav.leine-solling.de\/wp-content\/uploads\/2014\/05\/DSC00462-220x300.jpg 220w, https:\/\/mav.leine-solling.de\/wp-content\/uploads\/2014\/05\/DSC00462-752x1024.jpg 752w, https:\/\/mav.leine-solling.de\/wp-content\/uploads\/2014\/05\/DSC00462-900x1224.jpg 900w\" sizes=\"auto, (max-width: 220px) 100vw, 220px\" \/><\/a><\/p>\n<p>&nbsp;<\/p>\n<p>&nbsp;<\/p>\n","protected":false},"excerpt":{"rendered":"<p>Die <abbr class='c2c-text-hover' title='Mitarbeitervertretung'>MAV<\/abbr> organisierte am 06.05. eine Fortbildung f\u00fcr die Sicherheitsbeauftragten in den Kindertagesst\u00e4tten des Kirchenkreises Leine-Solling. Jede <abbr class='c2c-text-hover' title='Kindertagesst\u00e4tte'>KiTa<\/abbr> mit regelm\u00e4\u00dfig mehr als 20 Besch\u00e4ftigten braucht nach dem <abbr class='c2c-text-hover' title='Sozialgesetzbuch'>SGB<\/abbr> VII (mindestens) eine Sicherheitsbeauftragte. Was vielen nicht klar ist, die Kinder z\u00e4hlen als &#8222;Besch\u00e4ftigte&#8220; mit! Und damit gibt es im Kirchenkreis keine <abbr class='c2c-text-hover' title='Kindertagesst\u00e4tte'>KiTa<\/abbr>, die keinen Sicherheitsbeauftragten braucht.<\/p>\n","protected":false},"author":1,"featured_media":0,"comment_status":"closed","ping_status":"closed","sticky":false,"template":"","format":"standard","meta":{"footnotes":""},"categories":[1],"tags":[37,38,79,40],"class_list":["post-1991","post","type-post","status-publish","format-standard","hentry","category-informationen","tag-arbeitssicherheit","tag-efas","tag-fortbilduung","tag-kita"],"_links":{"self":[{"href":"https:\/\/mav.leine-solling.de\/index.php?rest_route=\/wp\/v2\/posts\/1991","targetHints":{"allow":["GET"]}}],"collection":[{"href":"https:\/\/mav.leine-solling.de\/index.php?rest_route=\/wp\/v2\/posts"}],"about":[{"href":"https:\/\/mav.leine-solling.de\/index.php?rest_route=\/wp\/v2\/types\/post"}],"author":[{"embeddable":true,"href":"https:\/\/mav.leine-solling.de\/index.php?rest_route=\/wp\/v2\/users\/1"}],"replies":[{"embeddable":true,"href":"https:\/\/mav.leine-solling.de\/index.php?rest_route=%2Fwp%2Fv2%2Fcomments&post=1991"}],"version-history":[{"count":4,"href":"https:\/\/mav.leine-solling.de\/index.php?rest_route=\/wp\/v2\/posts\/1991\/revisions"}],"predecessor-version":[{"id":2005,"href":"https:\/\/mav.leine-solling.de\/index.php?rest_route=\/wp\/v2\/posts\/1991\/revisions\/2005"}],"wp:attachment":[{"href":"https:\/\/mav.leine-solling.de\/index.php?rest_route=%2Fwp%2Fv2%2Fmedia&parent=1991"}],"wp:term":[{"taxonomy":"category","embeddable":true,"href":"https:\/\/mav.leine-solling.de\/index.php?rest_route=%2Fwp%2Fv2%2Fcategories&post=1991"},{"taxonomy":"post_tag","embeddable":true,"href":"https:\/\/mav.leine-solling.de\/index.php?rest_route=%2Fwp%2Fv2%2Ftags&post=1991"}],"curies":[{"name":"wp","href":"https:\/\/api.w.org\/{rel}","templated":true}]}}