{"id":1970,"date":"2014-03-25T10:31:09","date_gmt":"2014-03-25T09:31:09","guid":{"rendered":"http:\/\/mav.leine-solling.de\/?p=1970"},"modified":"2014-03-26T10:21:19","modified_gmt":"2014-03-26T09:21:19","slug":"warn-streik-in-kommunalen-kitas","status":"publish","type":"post","link":"https:\/\/mav.leine-solling.de\/?p=1970","title":{"rendered":"Warn-Streik in kommunalen Kitas"},"content":{"rendered":"<p><a href=\"https:\/\/mav.leine-solling.de\/wp-content\/uploads\/2014\/03\/Download.jpg.jpg\"><img loading=\"lazy\" decoding=\"async\" class=\"aligncenter size-full wp-image-1974\" alt=\"Download.jpg\" src=\"https:\/\/mav.leine-solling.de\/wp-content\/uploads\/2014\/03\/Download.jpg.jpg\" width=\"225\" height=\"225\" srcset=\"https:\/\/mav.leine-solling.de\/wp-content\/uploads\/2014\/03\/Download.jpg.jpg 225w, https:\/\/mav.leine-solling.de\/wp-content\/uploads\/2014\/03\/Download.jpg-150x150.jpg 150w, https:\/\/mav.leine-solling.de\/wp-content\/uploads\/2014\/03\/Download.jpg-144x144.jpg 144w\" sizes=\"auto, (max-width: 225px) 100vw, 225px\" \/><\/a><\/p>\n<p>Auf Grund der aktuellen Situation haben wir einen alten Artikel &#8222;ausgegraben&#8220;, der, mit einer kleinen \u00c4nderung, nichts an seiner Richtigkeit verloren hat:<\/p>\n<p>&#8222;Im Bereich des Tarifvertrages f\u00fcr den \u00f6ffentlichen Dienst des Bundes und der Kommunen finden derzeit Tarifverhandlungen zwischen den Arbeitgeberverb\u00e4nden und ver.di statt. Zwei Verhandlungsrunden sind bereits gescheitert. Um den Druck auf die Arbeitgeber zu erh\u00f6hen\u00a0 hat ver.di die Besch\u00e4ftigten in vielen Bereichen zu Warnstreiks aufgerufen. Unter anderem auch die Kollegen und Kolleginnen in den kommunalen Kindertagesst\u00e4tten.<\/p>\n<p>Uns erreichen immer mal wieder Anfragen, in wie weit die kirchlichen Kitas von diesen Aktionen auch betroffen sind. Zun\u00e4chst ist festzustellen, dass der Arbeitskampf nicht in \u201eunserem\u201c Tarifsystem <abbr class='c2c-text-hover' title='Tarifvertrag der L\u00e4nder'>TV-L<\/abbr> stattfindet, sondern im Bereich des <abbr class='c2c-text-hover' title='Tarifvertrag \u00f6ffentlicher Dienst'>TV-\u00f6D<\/abbr>. Insoweit k\u00f6nnte man sagen: \u201eDamit haben wir nichts zu tun!\u201c Was aber nat\u00fcrlich nicht hei\u00dft, dass Ver\u00e4nderungen im Bereich des Bundes und der Kommunen sich nicht irgendwann auch auf die Geh\u00e4lter im Bereich des <abbr class='c2c-text-hover' title='Tarifvertrag der L\u00e4nder'>TV-L<\/abbr>\u00a0 auswirken. Aber das sind dann neue Verhandlungen\u00a0 (Anfang 2015), deren Ergebnis von der <abbr class='c2c-text-hover' title='Arbeits- und Dienstrechtliche Kommission'>ADK<\/abbr> f\u00fcr die Mitarbeitenden im kirchlichen Dienst \u00fcbernommen werden muss.<\/p>\n<p>Dar\u00fcber hinaus sollte es selbstverst\u00e4ndlich sein, sich mit Kollegen und Kolleginnen in der gleichen \u201eBranche\u201c solidarisch zu erkl\u00e4ren. Dies kann durch symbolische Aktionen geschehen oder durch die Abgabe von Solidarit\u00e4tsadressen. Die Teilnahme an Veranstaltungen ist nur in der Freizeit m\u00f6glich.&#8220;<\/p>\n<p>(<abbr class='c2c-text-hover' title='Mitarbeitervertretung'>MAV<\/abbr>-Leine-Solling, 20.03.2012)<\/p>\n","protected":false},"excerpt":{"rendered":"<p>Auf Grund der aktuellen Situation haben wir einen alten Artikel &#8222;ausgegraben&#8220;, der, mit einer kleinen \u00c4nderung, nichts an seiner Richtigkeit verloren hat: &#8222;Im Bereich des Tarifvertrages f\u00fcr den \u00f6ffentlichen Dienst des Bundes und der Kommunen finden derzeit Tarifverhandlungen zwischen den Arbeitgeberverb\u00e4nden und ver.di statt. Zwei Verhandlungsrunden sind bereits gescheitert. Um den Druck auf die Arbeitgeber [&hellip;]<\/p>\n","protected":false},"author":1,"featured_media":0,"comment_status":"closed","ping_status":"closed","sticky":false,"template":"","format":"standard","meta":{"footnotes":""},"categories":[1],"tags":[40,78,61,75,18],"class_list":["post-1970","post","type-post","status-publish","format-standard","hentry","category-informationen","tag-kita","tag-solidaritaet","tag-tarifverhandlung","tag-tv-l","tag-ver-di"],"_links":{"self":[{"href":"https:\/\/mav.leine-solling.de\/index.php?rest_route=\/wp\/v2\/posts\/1970","targetHints":{"allow":["GET"]}}],"collection":[{"href":"https:\/\/mav.leine-solling.de\/index.php?rest_route=\/wp\/v2\/posts"}],"about":[{"href":"https:\/\/mav.leine-solling.de\/index.php?rest_route=\/wp\/v2\/types\/post"}],"author":[{"embeddable":true,"href":"https:\/\/mav.leine-solling.de\/index.php?rest_route=\/wp\/v2\/users\/1"}],"replies":[{"embeddable":true,"href":"https:\/\/mav.leine-solling.de\/index.php?rest_route=%2Fwp%2Fv2%2Fcomments&post=1970"}],"version-history":[{"count":6,"href":"https:\/\/mav.leine-solling.de\/index.php?rest_route=\/wp\/v2\/posts\/1970\/revisions"}],"predecessor-version":[{"id":1977,"href":"https:\/\/mav.leine-solling.de\/index.php?rest_route=\/wp\/v2\/posts\/1970\/revisions\/1977"}],"wp:attachment":[{"href":"https:\/\/mav.leine-solling.de\/index.php?rest_route=%2Fwp%2Fv2%2Fmedia&parent=1970"}],"wp:term":[{"taxonomy":"category","embeddable":true,"href":"https:\/\/mav.leine-solling.de\/index.php?rest_route=%2Fwp%2Fv2%2Fcategories&post=1970"},{"taxonomy":"post_tag","embeddable":true,"href":"https:\/\/mav.leine-solling.de\/index.php?rest_route=%2Fwp%2Fv2%2Ftags&post=1970"}],"curies":[{"name":"wp","href":"https:\/\/api.w.org\/{rel}","templated":true}]}}