{"id":1958,"date":"2014-03-04T10:49:06","date_gmt":"2014-03-04T09:49:06","guid":{"rendered":"http:\/\/mav.leine-solling.de\/?p=1958"},"modified":"2014-03-04T11:35:44","modified_gmt":"2014-03-04T10:35:44","slug":"neuer-efas-newsletter","status":"publish","type":"post","link":"https:\/\/mav.leine-solling.de\/?p=1958","title":{"rendered":"Neuer EFAS Newsletter"},"content":{"rendered":"<p><a href=\"https:\/\/mav.leine-solling.de\/wp-content\/uploads\/2014\/03\/EFAS-Logo.jpg\"><img loading=\"lazy\" decoding=\"async\" class=\"aligncenter size-medium wp-image-1963\" alt=\"EFAS Logo\" src=\"https:\/\/mav.leine-solling.de\/wp-content\/uploads\/2014\/03\/EFAS-Logo-300x161.jpg\" width=\"300\" height=\"161\" srcset=\"https:\/\/mav.leine-solling.de\/wp-content\/uploads\/2014\/03\/EFAS-Logo-300x161.jpg 300w, https:\/\/mav.leine-solling.de\/wp-content\/uploads\/2014\/03\/EFAS-Logo.jpg 329w\" sizes=\"auto, (max-width: 300px) 100vw, 300px\" \/><\/a><\/p>\n<p>Heute hat die Evangelische Fachstelle f\u00fcr Arbeits- und Gesundheitsschutz (<abbr class='c2c-text-hover' title='Evangelische Fachstelle f\u00fcr Arbeitssicherheit'>EFAS<\/abbr>) den ersten Newsletter f\u00fcr 2014 herausgegeben.<\/p>\n<p>Mit einem Klick <a href=\"https:\/\/mav.leine-solling.de\/wp-content\/uploads\/2014\/03\/EFAS_Newsletter-1.-Quartal-2014-1.pdf\">hier<\/a>\u00a0kann man ihn lesen.<\/p>\n<p>In diesem Newsletter geht es auch um die richtige Desinfektion in Kindertagesst\u00e4tten. Hier gilt es, den richtigen Mittelweg zwischen dem Bedarf an Keimt\u00f6tung und dem Schutz vor m\u00f6glicherweise sch\u00e4dlichen Nebenwirkungen der Desinfektionsmittel zu finden. Dazu gibt es ein Merkblatt, und das findet man\u00a0<a href=\"https:\/\/mav.leine-solling.de\/wp-content\/uploads\/2014\/03\/EFASinformiert_Desinfektion_Kita.pdf\">hier<\/a>. Wir meinen: Dieses Merkblatt sollte jede\/r Mitarbeitende in einer <abbr class='c2c-text-hover' title='Kindertagesst\u00e4tte'>Kita<\/abbr> mal gelesen haben.<\/p>\n","protected":false},"excerpt":{"rendered":"<p>Heute hat die Evangelische Fachstelle f\u00fcr Arbeits- und Gesundheitsschutz (<abbr class='c2c-text-hover' title='Evangelische Fachstelle f\u00fcr Arbeitssicherheit'>EFAS<\/abbr>) den ersten Newsletter f\u00fcr 2014 herausgegeben. Mit einem Klick hier\u00a0kann man ihn lesen. In diesem Newsletter geht es auch um die richtige Desinfektion in Kindertagesst\u00e4tten. Hier gilt es, den richtigen Mittelweg zwischen dem Bedarf an Keimt\u00f6tung und dem Schutz vor m\u00f6glicherweise sch\u00e4dlichen Nebenwirkungen der Desinfektionsmittel [&hellip;]<\/p>\n","protected":false},"author":1,"featured_media":0,"comment_status":"closed","ping_status":"closed","sticky":false,"template":"","format":"standard","meta":{"footnotes":""},"categories":[1],"tags":[38,46,40],"class_list":["post-1958","post","type-post","status-publish","format-standard","hentry","category-informationen","tag-efas","tag-gesundheitsschutz","tag-kita"],"_links":{"self":[{"href":"https:\/\/mav.leine-solling.de\/index.php?rest_route=\/wp\/v2\/posts\/1958","targetHints":{"allow":["GET"]}}],"collection":[{"href":"https:\/\/mav.leine-solling.de\/index.php?rest_route=\/wp\/v2\/posts"}],"about":[{"href":"https:\/\/mav.leine-solling.de\/index.php?rest_route=\/wp\/v2\/types\/post"}],"author":[{"embeddable":true,"href":"https:\/\/mav.leine-solling.de\/index.php?rest_route=\/wp\/v2\/users\/1"}],"replies":[{"embeddable":true,"href":"https:\/\/mav.leine-solling.de\/index.php?rest_route=%2Fwp%2Fv2%2Fcomments&post=1958"}],"version-history":[{"count":3,"href":"https:\/\/mav.leine-solling.de\/index.php?rest_route=\/wp\/v2\/posts\/1958\/revisions"}],"predecessor-version":[{"id":1964,"href":"https:\/\/mav.leine-solling.de\/index.php?rest_route=\/wp\/v2\/posts\/1958\/revisions\/1964"}],"wp:attachment":[{"href":"https:\/\/mav.leine-solling.de\/index.php?rest_route=%2Fwp%2Fv2%2Fmedia&parent=1958"}],"wp:term":[{"taxonomy":"category","embeddable":true,"href":"https:\/\/mav.leine-solling.de\/index.php?rest_route=%2Fwp%2Fv2%2Fcategories&post=1958"},{"taxonomy":"post_tag","embeddable":true,"href":"https:\/\/mav.leine-solling.de\/index.php?rest_route=%2Fwp%2Fv2%2Ftags&post=1958"}],"curies":[{"name":"wp","href":"https:\/\/api.w.org\/{rel}","templated":true}]}}