{"id":1898,"date":"2013-12-12T10:05:14","date_gmt":"2013-12-12T09:05:14","guid":{"rendered":"http:\/\/mav.leine-solling.de\/?p=1898"},"modified":"2013-12-12T10:05:14","modified_gmt":"2013-12-12T09:05:14","slug":"mitarbeiterversammlung-2013-2","status":"publish","type":"post","link":"https:\/\/mav.leine-solling.de\/?p=1898","title":{"rendered":"Mitarbeiterversammlung 2013"},"content":{"rendered":"<p style=\"text-align: center;\">In den, von vielen mit Bewunderung betrachteten, neuen Gemeinder\u00e4umen der\u00a0Kirchengemeinde Trinitatis Leine-Weper, mitten in der\u00a0Liebfrauenkirche in Moringen, fand die diesj\u00e4hrige Mitarbeitendenversammlung f\u00fcr den Kirchenkreis Leins-Solling statt. Etwa 70 Kolleginnen und Kollegen hatten den Weg nach Moringen gefunden. Nach einer Andacht von Pastor B\u00fcttner (und einer anschlie\u00dfenden Betrachtung von Stolpersteinen auf dem Weg zur Vollendung des Umbaus) berichtete G\u00fcnter St\u00f6fer von den T\u00e4tigkeiten der <abbr class='c2c-text-hover' title='Mitarbeitervertretung'>MAV<\/abbr> im abgelaufenen Jahr.<\/p>\n<p style=\"text-align: center;\">Im Interview durch Rolf Behn stellte sich Werner Massow den Fragen rund um die <abbr class='c2c-text-hover' title='Arbeits- und Dienstrechtliche Kommission'>ADK<\/abbr> (Arbeits- und Dienstrechtliche Kommission). Es wurde deutlich, dass nach holperigem Anfang mittlerweile dort eine professionelle Arbeit geleistet wird. Insbesondere die Arbeitnehmerseite ist seit diesem Jahr deutlich besser aufgestellt, um die Aufgaben im sogenannten &#8222;Dritten Weg&#8220; erf\u00fcllen zu k\u00f6nnen.<\/p>\n<p style=\"text-align: center;\"><a href=\"https:\/\/mav.leine-solling.de\/wp-content\/uploads\/2013\/12\/ma-versammlung.jpg\"><img loading=\"lazy\" decoding=\"async\" class=\"size-medium wp-image-1903 aligncenter\" alt=\"ma-versammlung\" src=\"https:\/\/mav.leine-solling.de\/wp-content\/uploads\/2013\/12\/ma-versammlung-300x200.jpg\" width=\"300\" height=\"200\" srcset=\"https:\/\/mav.leine-solling.de\/wp-content\/uploads\/2013\/12\/ma-versammlung-300x200.jpg 300w, https:\/\/mav.leine-solling.de\/wp-content\/uploads\/2013\/12\/ma-versammlung-1024x683.jpg 1024w, https:\/\/mav.leine-solling.de\/wp-content\/uploads\/2013\/12\/ma-versammlung.jpg 1025w\" sizes=\"auto, (max-width: 300px) 100vw, 300px\" \/><\/a><\/p>\n<p style=\"text-align: center;\">Die Pause wurde nicht nur zum Imbiss, sondern insbesondere auch zum Informationsaustausch und zum Stellen individueller Fragen genutzt. Es war gut, nicht unter Zeitdruck zu stehen, sondern in Ruhe auf die Fragen eingehen zu k\u00f6nnen.<\/p>\n<p style=\"text-align: center;\">Im zweiten Teil schilderte Werner Massow, wie die, aus seiner Sicht gut funktionierende <abbr class='c2c-text-hover' title='Mitarbeitervertretung'>MAV<\/abbr>-Arbeit im Kirchenkreis Leine-Solling, auch den Mitarbeitervertretern im Gesamtausschuss und in der <abbr class='c2c-text-hover' title='Arbeits- und Dienstrechtliche Kommission'>ADK<\/abbr> \u00a0die Arbeit erleichtere. Er verwende jedenfalls gerne die <abbr class='c2c-text-hover' title='Mitarbeitervertretung'>MAV<\/abbr> Leine-Solling als Referenz. (Danke, Werner. Das h\u00f6ren wir gerne! und &#8230; Das Kompliment hatten wir nicht mal bestellt!)<\/p>\n<p style=\"text-align: center;\">G\u00fcnter St\u00f6fer wies noch auf die Umsetzung des Gleichberechtigungsgesetzes im <abbr class='c2c-text-hover' title='Kirchenkreis'>KK<\/abbr> Leine Solling hin. Rolf Behn verhinderte den punktgenauen Abschluss der Versammlung mit dem Hinweis, dass von Seiten der <abbr class='c2c-text-hover' title='Evangelische Fachstelle f\u00fcr Arbeitssicherheit'>EFAS<\/abbr> ein Angebot vorliegt, im n\u00e4chsten Jahr eine Schulung f\u00fcr Sicherheitsbeauftragte in KiTas durchzuf\u00fchren. Um den Bedarf zu ermitteln (und \u00fcberhaupt zun\u00e4chst einmal zu wissen, wer wo Sicherheitsbeuaftragte\/r ist) soll ein Rundschreiben an die <abbr class='c2c-text-hover' title='Kindertagesst\u00e4tte'>KiTa<\/abbr>-Leitungen erfolgen.<\/p>\n<p style=\"text-align: center;\">Das Protokoll der Mitarbeiterversammlung steht hier zum Download bereit:<\/p>\n<p style=\"text-align: center;\"><a href=\"https:\/\/mav.leine-solling.de\/wp-content\/uploads\/2013\/12\/Protokoll-Mitarbeiterversammlung-26.11.2013.pdf\">Protokoll MA-Versammlung 2013<\/a><\/p>\n","protected":false},"excerpt":{"rendered":"<p>In den, von vielen mit Bewunderung betrachteten, neuen Gemeinder\u00e4umen der\u00a0Kirchengemeinde Trinitatis Leine-Weper, mitten in der\u00a0Liebfrauenkirche in Moringen, fand die diesj\u00e4hrige Mitarbeitendenversammlung f\u00fcr den Kirchenkreis Leins-Solling statt. Etwa 70 Kolleginnen und Kollegen hatten den Weg nach Moringen gefunden. Nach einer Andacht von Pastor B\u00fcttner (und einer anschlie\u00dfenden Betrachtung von Stolpersteinen auf dem Weg zur Vollendung des [&hellip;]<\/p>\n","protected":false},"author":1,"featured_media":0,"comment_status":"closed","ping_status":"closed","sticky":false,"template":"","format":"standard","meta":{"footnotes":""},"categories":[1],"tags":[19,37,40,22],"class_list":["post-1898","post","type-post","status-publish","format-standard","hentry","category-informationen","tag-adk","tag-arbeitssicherheit","tag-kita","tag-mitarbeiterversammlung"],"_links":{"self":[{"href":"https:\/\/mav.leine-solling.de\/index.php?rest_route=\/wp\/v2\/posts\/1898","targetHints":{"allow":["GET"]}}],"collection":[{"href":"https:\/\/mav.leine-solling.de\/index.php?rest_route=\/wp\/v2\/posts"}],"about":[{"href":"https:\/\/mav.leine-solling.de\/index.php?rest_route=\/wp\/v2\/types\/post"}],"author":[{"embeddable":true,"href":"https:\/\/mav.leine-solling.de\/index.php?rest_route=\/wp\/v2\/users\/1"}],"replies":[{"embeddable":true,"href":"https:\/\/mav.leine-solling.de\/index.php?rest_route=%2Fwp%2Fv2%2Fcomments&post=1898"}],"version-history":[{"count":2,"href":"https:\/\/mav.leine-solling.de\/index.php?rest_route=\/wp\/v2\/posts\/1898\/revisions"}],"predecessor-version":[{"id":1905,"href":"https:\/\/mav.leine-solling.de\/index.php?rest_route=\/wp\/v2\/posts\/1898\/revisions\/1905"}],"wp:attachment":[{"href":"https:\/\/mav.leine-solling.de\/index.php?rest_route=%2Fwp%2Fv2%2Fmedia&parent=1898"}],"wp:term":[{"taxonomy":"category","embeddable":true,"href":"https:\/\/mav.leine-solling.de\/index.php?rest_route=%2Fwp%2Fv2%2Fcategories&post=1898"},{"taxonomy":"post_tag","embeddable":true,"href":"https:\/\/mav.leine-solling.de\/index.php?rest_route=%2Fwp%2Fv2%2Ftags&post=1898"}],"curies":[{"name":"wp","href":"https:\/\/api.w.org\/{rel}","templated":true}]}}