{"id":181,"date":"2008-01-22T10:47:24","date_gmt":"2008-01-22T09:47:24","guid":{"rendered":"http:\/\/mav.leine-solling.de\/neu\/?p=181"},"modified":"2008-01-22T10:51:14","modified_gmt":"2008-01-22T09:51:14","slug":"bericht-von-der-mitarbeiterversammlung","status":"publish","type":"post","link":"https:\/\/mav.leine-solling.de\/?p=181","title":{"rendered":"Bericht von der Mitarbeiterversammlung"},"content":{"rendered":"<p>Am 17.01.2008 fand im Gemeindehaus der Kirchengemeinde Moringen die Mitarbeiterversammlung f\u00fcr das Jahr 2007 statt. Der Termin wurde immer wieder rausgeschoben, in der Hoffnung von einer Einigung in der <abbr class='c2c-text-hover' title='Arbeits- und Dienstrechtliche Kommission'>ADK<\/abbr> berichten zu k\u00f6nnen.<!--more--><\/p>\n<p>Jetzt konnten wir nicht l\u00e4nger warten, zum einen, weil das Jahr 2007 schon rum war und der Rechenschaftsbericht der <abbr class='c2c-text-hover' title='Mitarbeitervertretung'>MAV<\/abbr> noch nicht vorgelegt war, zum anderen, weil im April eine neue <abbr class='c2c-text-hover' title='Mitarbeitervertretung'>MAV<\/abbr> zu w\u00e4hlen ist und eine Mitarbeiterversammlung dazu den notwendigen Wahlausschuss bestimmen muss.<\/p>\n<p>Die Versammlung, wegen der bef\u00fcrchteten Temperaturprobleme in der Kirche in das Gemeindehaus verlegt, war gut besucht, fast 90 Mitarbeitende waren der Einladung gefolgt.<\/p>\n<p>Pastor Oliver Flanz leitete nach der Begr\u00fc\u00dfung durch den ersten Vorsitzenden der <abbr class='c2c-text-hover' title='Mitarbeitervertretung'>MAV<\/abbr>, G\u00fcnter St\u00f6fer, die Veranstaltung mit einer beeindruckenden Andacht zum Thema &#8222;Wertsch\u00e4tzung&#8220; ein. Zentrale Botschaft: Seid Euch bewusst,  Gott sch\u00e4tzt Euch an Eurem Platz, in Eurer T\u00e4tigkeit und in Eurer Art, auch wenn Ihr das Gef\u00fchl habt, sonst sch\u00e4tzt Euch keiner. Wenn wir an Gottes Wertsch\u00e4tzung glauben und  in der Kirche einen anderen Umgang miteinander pflegen wollen, dann m\u00fcssen wir auch unseren Kollegen und Kolleginnen unsere Wertsch\u00e4tzung h\u00e4ufiger mitteilen.  Dann kommt Gottes Reich auch in unsere Welt.<\/p>\n<p>Im Anschluss an die Andacht trug G\u00fcnter St\u00f6fer in bew\u00e4hrter Manier, kurz und pr\u00e4zise, den Rechenschaftsbericht der Mitarbeitervertretung f\u00fcr das Jahr 2007 vor. In 21 Sitzungen wurden  273 Personalangelegenheiten bearbeitet (zum Vergleich: im Vorjahr waren es 183).  Neben den Sitzungen besch\u00e4ftigte sich die <abbr class='c2c-text-hover' title='Mitarbeitervertretung'>MAV<\/abbr> u.a. mit folgenden Themen:<\/p>\n<ul>\n<li>Zusammenlegung der Sprengel Hildesheim und G\u00f6ttingen, damit auch Neubildung der Sprengelarbeitsgemeinschaft der Mitarbeitervertretungen<\/li>\n<li>Entwicklungen in der <abbr class='c2c-text-hover' title='Arbeits- und Dienstrechtliche Kommission'>ADK<\/abbr>:<\/li>\n<li>Neuregelung des Schlichtungsverfahrens im Mitarbeitergesetz<\/li>\n<li>Verhandlungen \u00fcber die Einf\u00fchrung des <abbr class='c2c-text-hover' title='Tarifvertrag der L\u00e4nder'>TV-L<\/abbr>&#8211; dazu auch au\u00dferordentliche Mitarbeiterversammlung im Juli mit Annette Klausing von ver.di<\/li>\n<li>Entwicklung einer unterschriftsreifen Dienstvereinbarung zur Erfassung von Arbeitszeit in Kindertagesst\u00e4tten, die nach der Neugr\u00fcndung der Tr\u00e4gerverb\u00e4nde leider &#8222;auf Eis&#8220;liegt.<\/li>\n<li>Auswirkungen des Perspektivpapier, hier insbesondere Treffen mit den Pfarrsekret\u00e4rinnen,<\/li>\n<li>Diskussion \u00fcber die Auswirkung der Rundverf\u00fcgung G10\/2007, nach der Stellenausschreibungen intern ausgeschrieben werden m\u00fcssen.<\/li>\n<li>Vorsorgliche Geltendmachung von Weihnachts- und Urlaubsgeld f\u00fcr die Jahre 2005 und 2006<\/li>\n<li>Neugestaltung der Webseite <abbr class='c2c-text-hover' title='Mitarbeitervertretung'>mav<\/abbr>.leine-solling.de<\/li>\n<\/ul>\n<p>Zum Ende berichtet G\u00fcnter St\u00f6fer noch vom &#8222;Frustlauf zur Synode&#8220; am 27.11.2007,  wo von den ca. 200 Teilnehmenden 35 aus dem Kirchenkreis Leine-Solling kamen. Die <abbr class='c2c-text-hover' title='Mitarbeitervertretung'>MAV<\/abbr> war sehr erfreut und stolz auf diese Teilnehmerzahl.<\/p>\n<p>Im Anschluss an den Rechenschaftsbericht wurde der Wahlausschuss f\u00fcr die Wahl der neuen Mitarbeitervertretung im April 2008 gew\u00e4hlt.<\/p>\n<p>Einstimmig wurden die 6 notwendigen Mitglieder gew\u00e4hlt:<\/p>\n<p>Peter Slawik, Bernd Wabnitz, Ulla Binnewies, Bernd Henne, Doris Gremmel, und Christa Siebrecht.<\/p>\n<p>Wir danken f\u00fcr die Bereitschaft, in diesem Gremium mitzuarbeiten. Die weiteren Termine und organisatorischen Abl\u00e4ufe regelt der Wahlausschuss selbst.<\/p>\n<p>In der Pause gab es leckeren Apfelpunsch \u00e0 la Gerngro\u00df und W\u00fcrstchen, alles gegen die gro\u00dfe K\u00e4lte, die im Gemeindehaus gar nicht vorhanden war.<\/p>\n<p>Nach der Pause versuchte Rolf Behn zu erl\u00e4utern, was war, was ist und was wird in der <abbr class='c2c-text-hover' title='Arbeits- und Dienstrechtliche Kommission'>ADK<\/abbr> .<\/p>\n<p>Das &#8222;Ist&#8220; war schnell beantwortet, da seit der Synode kein Treffen der <abbr class='c2c-text-hover' title='Arbeits- und Dienstrechtliche Kommission'>ADK<\/abbr> war und  die n\u00e4chste <abbr class='c2c-text-hover' title='Arbeits- und Dienstrechtliche Kommission'>ADK<\/abbr> Sitzung erst Ende Januar stattfindet.<\/p>\n<p>Im R\u00fcckblick wurde auf die gelungene Aktion vor der Synode verwiesen. Besonders erfreut hat die <abbr class='c2c-text-hover' title='Mitarbeitervertretung'>MAV<\/abbr> die Teilnahme von 35 Mitarbeitenden aus dem Kirchenkreis Leine-Solling an diesem &#8222;Frustgang&#8220; zur Kenntnis genommen.<\/p>\n<p>Als erster Erfolg des Arbeitnehmerb\u00fcndnisses in der <abbr class='c2c-text-hover' title='Arbeits- und Dienstrechtliche Kommission'>ADK<\/abbr> ist die Sonderzahlung in H\u00f6he von 30 % eines Monatsgehaltes zu werten. In Anbetracht der Tatsache, dass die Kollegen im \u00f6ffentlichen Dienst aber schon seit 2006 den <abbr class='c2c-text-hover' title='Tarifvertrag der L\u00e4nder'>TV-L<\/abbr> erhalten, fehlen noch einige Euro, um unseren Nachholbedarf auszugleichen.<\/p>\n<p>Die Landeskirche Hannovers ist die einzige Fl\u00e4chenkirche, die den <abbr class='c2c-text-hover' title='Tarifvertrag der L\u00e4nder'>TV-L<\/abbr> nicht zahlt. Die Arbeitsrechtliche Kommission der EKD hat gerade beschlossen, f\u00fcr 2006 und 2007 jeweils 300 \u20ac Einmalzahlung zu zahlen. Die Landeskirche Kurhessen Waldeck f\u00fchrt den <abbr class='c2c-text-hover' title='Tarifvertrag der L\u00e4nder'>TV-L<\/abbr> ab 01.08.2008 ein und zahlt eine Einmalzahlung von bis zu 1150 \u20ac. Der Arbeitgeber &#8222;Vorstand des Kindertagesst\u00e4ttenverbandes Einbeck-Dassel&#8220; fordert die uneingeschr\u00e4nkte Einf\u00fchrung des <abbr class='c2c-text-hover' title='Tarifvertrag der L\u00e4nder'>TV-L<\/abbr> mit der Begr\u00fcndung &#8222;Wenn wir Qualit\u00e4t verlangen von unseren Erzieherinnen, dann m\u00fcssen wir sie auch entsprechend bezahlen&#8220;<\/p>\n<p>Wir k\u00f6nnen nur hoffen, dass die Weihnachtsruhe der Arbeitgeberseite zu einem Einsehen verholfen hat. Falls nicht, m\u00fcssen die Mitarbeitenden zeigen, dass sie hinter der Position des Arbeitnehmerb\u00fcndnisses stehen und sich an Aktionen beteiligen.<\/p>\n<p>Um schneller und umfassender alle Mitarbeitenden mit Informationen versorgen zu k\u00f6nnen, will die <abbr class='c2c-text-hover' title='Mitarbeitervertretung'>MAV<\/abbr> in allen Einrichtungen &#8222;<strong>Informations-Paten<\/strong>&#8220;  finden. Diese Mitarbeiten sollen sich bereit erkl\u00e4ren, Informationen, die sie per Internet oder E-Mail erhalten, auszudrucken und zeitnah in den Einrichtungen auszuh\u00e4ngen.<\/p>\n<p>Zur Verbl\u00fcffung vieler Anwesender, fand auch Rolf Behn ein schnelles Ende seines Vortrages, so dass G\u00fcnter St\u00f6fer die Sitzung kurz vor 20 Uhr beenden konnte.<\/p>\n<p><strong>Einrichtungen, f\u00fcr die noch keine Informations-Paten vorhanden sind, k\u00f6nnen sich direkt mit der <abbr class='c2c-text-hover' title='Mitarbeitervertretung'>MAV<\/abbr> in Verbindung setzen und einen Paten benennen. <\/strong><\/p>\n<p>RB<\/p>\n","protected":false},"excerpt":{"rendered":"<p>Am 17.01.2008 fand im Gemeindehaus der Kirchengemeinde Moringen die Mitarbeiterversammlung f\u00fcr das Jahr 2007 statt. Der Termin wurde immer wieder rausgeschoben, in der Hoffnung von einer Einigung in der <abbr class='c2c-text-hover' title='Arbeits- und Dienstrechtliche Kommission'>ADK<\/abbr> berichten zu k\u00f6nnen.<\/p>\n","protected":false},"author":1,"featured_media":0,"comment_status":"open","ping_status":"closed","sticky":false,"template":"","format":"standard","meta":{"footnotes":""},"categories":[1],"tags":[],"class_list":["post-181","post","type-post","status-publish","format-standard","hentry","category-informationen"],"_links":{"self":[{"href":"https:\/\/mav.leine-solling.de\/index.php?rest_route=\/wp\/v2\/posts\/181","targetHints":{"allow":["GET"]}}],"collection":[{"href":"https:\/\/mav.leine-solling.de\/index.php?rest_route=\/wp\/v2\/posts"}],"about":[{"href":"https:\/\/mav.leine-solling.de\/index.php?rest_route=\/wp\/v2\/types\/post"}],"author":[{"embeddable":true,"href":"https:\/\/mav.leine-solling.de\/index.php?rest_route=\/wp\/v2\/users\/1"}],"replies":[{"embeddable":true,"href":"https:\/\/mav.leine-solling.de\/index.php?rest_route=%2Fwp%2Fv2%2Fcomments&post=181"}],"version-history":[{"count":0,"href":"https:\/\/mav.leine-solling.de\/index.php?rest_route=\/wp\/v2\/posts\/181\/revisions"}],"wp:attachment":[{"href":"https:\/\/mav.leine-solling.de\/index.php?rest_route=%2Fwp%2Fv2%2Fmedia&parent=181"}],"wp:term":[{"taxonomy":"category","embeddable":true,"href":"https:\/\/mav.leine-solling.de\/index.php?rest_route=%2Fwp%2Fv2%2Fcategories&post=181"},{"taxonomy":"post_tag","embeddable":true,"href":"https:\/\/mav.leine-solling.de\/index.php?rest_route=%2Fwp%2Fv2%2Ftags&post=181"}],"curies":[{"name":"wp","href":"https:\/\/api.w.org\/{rel}","templated":true}]}}