{"id":1689,"date":"2013-04-30T10:01:10","date_gmt":"2013-04-30T09:01:10","guid":{"rendered":"http:\/\/mav.leine-solling.de\/?p=1689"},"modified":"2013-04-30T10:06:03","modified_gmt":"2013-04-30T09:06:03","slug":"adk-setzt-mav-leine-solling-vorschlag-um-eingruppierung-kita-leitungen-verbessert","status":"publish","type":"post","link":"https:\/\/mav.leine-solling.de\/?p=1689","title":{"rendered":"ADK setzt MAV Leine-Solling Vorschlag um: Eingruppierung KiTa-Leitungen verbessert"},"content":{"rendered":"<p>Am 11.09.2012 hatten wir auf unserer Webseite die Problematik der Eingruppierung von <abbr class='c2c-text-hover' title='Kindertagesst\u00e4tte'>KiTa<\/abbr>-Leitungen ausschlie\u00dflich nach der Gruppengr\u00f6\u00dfe hingewiesen (<a href=\"https:\/\/mav.leine-solling.de\/?p=1479\" target=\"_blank\">hier <\/a>kann man den Artikel nachlesen). Sinkt die Zahl der gleichzeitig belegten Pl\u00e4tze auf Grund qualitativer Verbesserungen, f\u00fchrte dies beim Unterschreiten der Grenzwerte nach Anlage A zum <abbr class='c2c-text-hover' title='Tarifvertrag der L\u00e4nder'>TV-L<\/abbr> Teil II Abschnitt 20 Unterabschnitt 2 zur Herabgruppierung der Leitung.<\/p>\n<p>Jetzt hat die <abbr class='c2c-text-hover' title='Arbeits- und Dienstrechtliche Kommission'>ADK<\/abbr> \u00c4nderungen beschlossen: Angelehnt an die Entgeltordnung f\u00fcr den Sozial- und Erziehungsdienst des <abbr class='c2c-text-hover' title='Tarifvertrag \u00f6ffentlicher Dienst'>TV-\u00d6D<\/abbr> f\u00fchren folgende Umst\u00e4nde nicht mehr zu einer Herabgruppierung:<\/p>\n<ul>\n<li>Unterschreitungen bis 5% des Grenzwertes (Beispiel: Grenzwert 100 Pl\u00e4tze, belegte Pl\u00e4tze 97: nach den alten Reglung Herabgruppierung von <abbr class='c2c-text-hover' title='Entgeltgruppe'>EG<\/abbr> 10 in <abbr class='c2c-text-hover' title='Entgeltgruppe'>EG<\/abbr> 9 mit Zulage; nach der neuen Regelung, keine \u00c4nderung der Entgeltgruppe)<\/li>\n<li>Unterschreitung durch vom Arbeitgeber veranlasste Ma\u00dfnahmen (<abbr class='c2c-text-hover' title='zum Beispiel'>z.B.<\/abbr> I-Gruppe, Hort o.\u00e4. Qualit\u00e4tsverbesserungen) f\u00fchren nicht zur Herabgruppierung.<\/li>\n<li>Eine einmal erreichte Entgeltstufe bleibt f\u00fcr den Fall einer zuk\u00fcnftig erfolgenden erneuten H\u00f6hergruppierung (weil dann die relevante Kinderzahl wieder \u00fcberschritten wurde) erhalten. Durch die Logik der Regelung zur H\u00f6hergruppierung entst\u00fcnde sonst nach mehreren Aufs und Abs in den Entgeltstufen ein schleichendes Absinken des Einkommens.<\/li>\n<\/ul>\n<p>Die Regelungen sollen r\u00fcckwirkend zum 01.01.2013 in Kraft gesetzt werden.<\/p>\n<p>Die <abbr class='c2c-text-hover' title='Mitarbeitervertretung'>MAV<\/abbr> Leine Solling freut sich, dass ihre Ideen auf fruchtbaren Boden gefallen sind und dass Verbesserungen f\u00fcr die Kolleginnen erreicht werden konnten.<\/p>\n","protected":false},"excerpt":{"rendered":"<p>Am 11.09.2012 hatten wir auf unserer Webseite die Problematik der Eingruppierung von <abbr class='c2c-text-hover' title='Kindertagesst\u00e4tte'>KiTa<\/abbr>-Leitungen ausschlie\u00dflich nach der Gruppengr\u00f6\u00dfe hingewiesen (hier kann man den Artikel nachlesen). Sinkt die Zahl der gleichzeitig belegten Pl\u00e4tze auf Grund qualitativer Verbesserungen, f\u00fchrte dies beim Unterschreiten der Grenzwerte nach Anlage A zum <abbr class='c2c-text-hover' title='Tarifvertrag der L\u00e4nder'>TV-L<\/abbr> Teil II Abschnitt 20 Unterabschnitt 2 zur Herabgruppierung der [&hellip;]<\/p>\n","protected":false},"author":1,"featured_media":0,"comment_status":"closed","ping_status":"closed","sticky":false,"template":"","format":"standard","meta":{"footnotes":""},"categories":[1],"tags":[70,16,40],"class_list":["post-1689","post","type-post","status-publish","format-standard","hentry","category-informationen","tag-eingruppierung","tag-entgeltordnung","tag-kita"],"_links":{"self":[{"href":"https:\/\/mav.leine-solling.de\/index.php?rest_route=\/wp\/v2\/posts\/1689","targetHints":{"allow":["GET"]}}],"collection":[{"href":"https:\/\/mav.leine-solling.de\/index.php?rest_route=\/wp\/v2\/posts"}],"about":[{"href":"https:\/\/mav.leine-solling.de\/index.php?rest_route=\/wp\/v2\/types\/post"}],"author":[{"embeddable":true,"href":"https:\/\/mav.leine-solling.de\/index.php?rest_route=\/wp\/v2\/users\/1"}],"replies":[{"embeddable":true,"href":"https:\/\/mav.leine-solling.de\/index.php?rest_route=%2Fwp%2Fv2%2Fcomments&post=1689"}],"version-history":[{"count":5,"href":"https:\/\/mav.leine-solling.de\/index.php?rest_route=\/wp\/v2\/posts\/1689\/revisions"}],"predecessor-version":[{"id":1695,"href":"https:\/\/mav.leine-solling.de\/index.php?rest_route=\/wp\/v2\/posts\/1689\/revisions\/1695"}],"wp:attachment":[{"href":"https:\/\/mav.leine-solling.de\/index.php?rest_route=%2Fwp%2Fv2%2Fmedia&parent=1689"}],"wp:term":[{"taxonomy":"category","embeddable":true,"href":"https:\/\/mav.leine-solling.de\/index.php?rest_route=%2Fwp%2Fv2%2Fcategories&post=1689"},{"taxonomy":"post_tag","embeddable":true,"href":"https:\/\/mav.leine-solling.de\/index.php?rest_route=%2Fwp%2Fv2%2Ftags&post=1689"}],"curies":[{"name":"wp","href":"https:\/\/api.w.org\/{rel}","templated":true}]}}