{"id":1661,"date":"2013-04-24T10:06:20","date_gmt":"2013-04-24T09:06:20","guid":{"rendered":"http:\/\/mav.leine-solling.de\/?p=1661"},"modified":"2013-04-24T10:06:20","modified_gmt":"2013-04-24T09:06:20","slug":"mehr-geld-ab-mai-2013-fur-kirchliche-beschaftigte","status":"publish","type":"post","link":"https:\/\/mav.leine-solling.de\/?p=1661","title":{"rendered":"Mehr Geld ab Mai 2013 f\u00fcr kirchliche Besch\u00e4ftigte"},"content":{"rendered":"<p style=\"text-align: center;\">\n<p style=\"text-align: center;\">\n<p style=\"text-align: center;\">\n<p style=\"text-align: center;\"><a href=\"https:\/\/mav.leine-solling.de\/wp-content\/uploads\/2013\/04\/DSC00579.jpg\"><img loading=\"lazy\" decoding=\"async\" class=\"wp-image-1662\" alt=\"DSC00579\" src=\"https:\/\/mav.leine-solling.de\/wp-content\/uploads\/2013\/04\/DSC00579-300x240.jpg\" width=\"270\" height=\"216\" srcset=\"https:\/\/mav.leine-solling.de\/wp-content\/uploads\/2013\/04\/DSC00579-300x240.jpg 300w, https:\/\/mav.leine-solling.de\/wp-content\/uploads\/2013\/04\/DSC00579-1024x821.jpg 1024w, https:\/\/mav.leine-solling.de\/wp-content\/uploads\/2013\/04\/DSC00579.jpg 1225w\" sizes=\"auto, (max-width: 270px) 100vw, 270px\" \/><\/a><\/p>\n<p style=\"text-align: center;\">Wie wir aus zuverl\u00e4ssiger Quelle erfahren haben, erhalten die kirchlichen Besch\u00e4ftigten ab <a href=\"https:\/\/mav.leine-solling.de\/?p=1657\" target=\"_blank\"><strong>Mai die Tariferh\u00f6hung von 2,65 %. <\/strong><\/a><\/p>\n<p style=\"text-align: center;\">Gleichzeitig soll mit dem Gehalt f\u00fcr den Monat Mai eine Nachzahlung f\u00fcr die Monate Januar bis April erfolgen.<\/p>\n<p style=\"text-align: center;\">Details dazu und weitere Beschl\u00fcsse der <abbr class='c2c-text-hover' title='Arbeits- und Dienstrechtliche Kommission'>ADK<\/abbr>-Sitzung vom 22.04.2013 werden die Verb\u00e4nde im Laufe des morgigen Donnerstags in einer gemeinsamen Erkl\u00e4rung ver\u00f6ffentlichen.<\/p>\n","protected":false},"excerpt":{"rendered":"<p>Wie wir aus zuverl\u00e4ssiger Quelle erfahren haben, erhalten die kirchlichen Besch\u00e4ftigten ab Mai die Tariferh\u00f6hung von 2,65 %. Gleichzeitig soll mit dem Gehalt f\u00fcr den Monat Mai eine Nachzahlung f\u00fcr die Monate Januar bis April erfolgen. Details dazu und weitere Beschl\u00fcsse der <abbr class='c2c-text-hover' title='Arbeits- und Dienstrechtliche Kommission'>ADK<\/abbr>-Sitzung vom 22.04.2013 werden die Verb\u00e4nde im Laufe des morgigen Donnerstags in einer [&hellip;]<\/p>\n","protected":false},"author":1,"featured_media":0,"comment_status":"closed","ping_status":"closed","sticky":false,"template":"","format":"standard","meta":{"footnotes":""},"categories":[1],"tags":[],"class_list":["post-1661","post","type-post","status-publish","format-standard","hentry","category-informationen"],"_links":{"self":[{"href":"https:\/\/mav.leine-solling.de\/index.php?rest_route=\/wp\/v2\/posts\/1661","targetHints":{"allow":["GET"]}}],"collection":[{"href":"https:\/\/mav.leine-solling.de\/index.php?rest_route=\/wp\/v2\/posts"}],"about":[{"href":"https:\/\/mav.leine-solling.de\/index.php?rest_route=\/wp\/v2\/types\/post"}],"author":[{"embeddable":true,"href":"https:\/\/mav.leine-solling.de\/index.php?rest_route=\/wp\/v2\/users\/1"}],"replies":[{"embeddable":true,"href":"https:\/\/mav.leine-solling.de\/index.php?rest_route=%2Fwp%2Fv2%2Fcomments&post=1661"}],"version-history":[{"count":1,"href":"https:\/\/mav.leine-solling.de\/index.php?rest_route=\/wp\/v2\/posts\/1661\/revisions"}],"predecessor-version":[{"id":1663,"href":"https:\/\/mav.leine-solling.de\/index.php?rest_route=\/wp\/v2\/posts\/1661\/revisions\/1663"}],"wp:attachment":[{"href":"https:\/\/mav.leine-solling.de\/index.php?rest_route=%2Fwp%2Fv2%2Fmedia&parent=1661"}],"wp:term":[{"taxonomy":"category","embeddable":true,"href":"https:\/\/mav.leine-solling.de\/index.php?rest_route=%2Fwp%2Fv2%2Fcategories&post=1661"},{"taxonomy":"post_tag","embeddable":true,"href":"https:\/\/mav.leine-solling.de\/index.php?rest_route=%2Fwp%2Fv2%2Ftags&post=1661"}],"curies":[{"name":"wp","href":"https:\/\/api.w.org\/{rel}","templated":true}]}}