{"id":1618,"date":"2013-03-14T09:37:03","date_gmt":"2013-03-14T08:37:03","guid":{"rendered":"http:\/\/mav.leine-solling.de\/?p=1618"},"modified":"2013-03-14T09:37:03","modified_gmt":"2013-03-14T08:37:03","slug":"kita-demo-am-27-04-2013-in-hannover","status":"publish","type":"post","link":"https:\/\/mav.leine-solling.de\/?p=1618","title":{"rendered":"KiTa-Demo am 27.04.2013 in Hannover"},"content":{"rendered":"<p style=\"text-align: center;\"><b>Am Samstag, den 27. April 2013 soll in Hannover die neue Landesregierung an das Anliegen der Erzieherinnen und Erzieher erinnert werden.<\/b><\/p>\n<p style=\"text-align: center;\">Treffpunkt ist um 11.00 Uhr Ecke Luisenstra\u00dfe \/ Joachimstra\u00dfe (gegen\u00fcber Hauptbahnhof).<\/p>\n<p style=\"text-align: center;\">Die Kundgebung beginnt um 5 nach 12 Uhr auf dem Kr\u00f6pcke.<\/p>\n<p style=\"text-align: center;\">Redner u.a. Frank Bsirske<\/p>\n<p style=\"text-align: center;\">Hier das Plakat:<\/p>\n<p style=\"text-align: center;\"><a href=\"https:\/\/mav.leine-solling.de\/wp-content\/uploads\/2013\/03\/kita-aufruf-27.4.pdf\"><abbr class='c2c-text-hover' title='Kindertagesst\u00e4tte'>KiTa<\/abbr>-Demo am 27.04.2013<\/a><\/p>\n<p style=\"text-align: center;\">Weitere Informationen d\u00fcrften in K\u00fcrze folgen.<\/p>\n","protected":false},"excerpt":{"rendered":"<p>Am Samstag, den 27. April 2013 soll in Hannover die neue Landesregierung an das Anliegen der Erzieherinnen und Erzieher erinnert werden. Treffpunkt ist um 11.00 Uhr Ecke Luisenstra\u00dfe \/ Joachimstra\u00dfe (gegen\u00fcber Hauptbahnhof). Die Kundgebung beginnt um 5 nach 12 Uhr auf dem Kr\u00f6pcke. Redner u.a. Frank Bsirske Hier das Plakat: <abbr class='c2c-text-hover' title='Kindertagesst\u00e4tte'>KiTa<\/abbr>-Demo am 27.04.2013 Weitere Informationen [&hellip;]<\/p>\n","protected":false},"author":1,"featured_media":0,"comment_status":"closed","ping_status":"closed","sticky":false,"template":"","format":"standard","meta":{"footnotes":""},"categories":[1],"tags":[],"class_list":["post-1618","post","type-post","status-publish","format-standard","hentry","category-informationen"],"_links":{"self":[{"href":"https:\/\/mav.leine-solling.de\/index.php?rest_route=\/wp\/v2\/posts\/1618","targetHints":{"allow":["GET"]}}],"collection":[{"href":"https:\/\/mav.leine-solling.de\/index.php?rest_route=\/wp\/v2\/posts"}],"about":[{"href":"https:\/\/mav.leine-solling.de\/index.php?rest_route=\/wp\/v2\/types\/post"}],"author":[{"embeddable":true,"href":"https:\/\/mav.leine-solling.de\/index.php?rest_route=\/wp\/v2\/users\/1"}],"replies":[{"embeddable":true,"href":"https:\/\/mav.leine-solling.de\/index.php?rest_route=%2Fwp%2Fv2%2Fcomments&post=1618"}],"version-history":[{"count":2,"href":"https:\/\/mav.leine-solling.de\/index.php?rest_route=\/wp\/v2\/posts\/1618\/revisions"}],"predecessor-version":[{"id":1621,"href":"https:\/\/mav.leine-solling.de\/index.php?rest_route=\/wp\/v2\/posts\/1618\/revisions\/1621"}],"wp:attachment":[{"href":"https:\/\/mav.leine-solling.de\/index.php?rest_route=%2Fwp%2Fv2%2Fmedia&parent=1618"}],"wp:term":[{"taxonomy":"category","embeddable":true,"href":"https:\/\/mav.leine-solling.de\/index.php?rest_route=%2Fwp%2Fv2%2Fcategories&post=1618"},{"taxonomy":"post_tag","embeddable":true,"href":"https:\/\/mav.leine-solling.de\/index.php?rest_route=%2Fwp%2Fv2%2Ftags&post=1618"}],"curies":[{"name":"wp","href":"https:\/\/api.w.org\/{rel}","templated":true}]}}