{"id":1491,"date":"2012-09-17T08:43:48","date_gmt":"2012-09-17T07:43:48","guid":{"rendered":"http:\/\/mav.leine-solling.de\/?p=1491"},"modified":"2012-09-18T10:03:53","modified_gmt":"2012-09-18T09:03:53","slug":"kita-volksinitiative-gestartet","status":"publish","type":"post","link":"https:\/\/mav.leine-solling.de\/?p=1491","title":{"rendered":"KiTa-Volksinitiative gestartet"},"content":{"rendered":"<p style=\"text-align: center;\">Die Unterschriftenlisten f\u00fcr die\u00a0<abbr class='c2c-text-hover' title='Kindertagesst\u00e4tte'>KiTa<\/abbr>-Volksinitiative sind nun in Druck gegangen und werden etwa ab der 39. Kalenderwoche an die KiTas verteilt.<\/p>\n<p style=\"text-align: center;\">Vorab stehen die B\u00f6gen auch schon auf der Homepage der Initiative zum Download bereit.<\/p>\n<p style=\"text-align: center;\">Die\u00a0<abbr class='c2c-text-hover' title='Kindertagesst\u00e4tte'>KiTa<\/abbr>-Volksinitiative soll erreichen, dass der Nieders\u00e4chsische Landtag den Betreuungsschl\u00fcssel im <abbr class='c2c-text-hover' title='Kindertagesst\u00e4tte'>KiTa<\/abbr>-Gesetz wie folgt verbessert:<\/p>\n<p style=\"text-align: center;\"><strong>F\u00fcr Krippen<\/strong><strong>:<\/strong><\/p>\n<p style=\"text-align: center;\">&#8211;\u00a0\u00a0\u00a0\u00a0\u00a0\u00a0\u00a0\u00a0\u00a0\u00a0<strong>1 Erzieher\/in f\u00fcr 3 Kinder im Alter von 0 \u2013 1 1\/2\u00a0 Jahren<\/strong><\/p>\n<p style=\"text-align: center;\">&#8211;\u00a0\u00a0\u00a0\u00a0\u00a0\u00a0\u00a0\u00a0\u00a0\u00a0<strong>1 Erzieher\/in f\u00fcr 4 Kinder im Alter von 1 \u00bd\u00a0 \u2013 3 Jahren<\/strong><strong>\u00a0<\/strong><\/p>\n<p style=\"text-align: center;\"><strong>F\u00fcr\u00a0Kinderg\u00e4rten\/Horte:<\/strong><\/p>\n<p style=\"text-align: center;\">&#8211;\u00a0\u00a0\u00a0\u00a0\u00a0\u00a0\u00a0\u00a0\u00a0\u00a0<strong>1 Erzieher\/in f\u00fcr 7-8 Kinder\u00a0 im Alter von 3 \u2013 6 Jahren<\/strong><\/p>\n<p style=\"text-align: center;\">&#8211;\u00a0\u00a0\u00a0\u00a0\u00a0\u00a0\u00a0\u00a0\u00a0\u00a0<strong>1 Erzieher\/in f\u00fcr 7-8 Kinder\u00a0 im Grundschulalter<\/strong><\/p>\n<p style=\"text-align: center;\">Weitere Informationen und Downloadm\u00f6glichkeiten auf der Homepage der Volksinitiative<\/p>\n<p style=\"text-align: center;\"><a href=\"http:\/\/www.kita-volksinitiative.de\/\" target=\"_blank\"><img loading=\"lazy\" decoding=\"async\" class=\"aligncenter size-full wp-image-1492\" title=\"RTEmagicC_Der_Schluessel_Header-1.jpg\" src=\"https:\/\/mav.leine-solling.de\/wp-content\/uploads\/2012\/09\/RTEmagicC_Der_Schluessel_Header-1.jpg.jpg\" alt=\"\" width=\"261\" height=\"65\" \/><\/a><\/p>\n<p style=\"text-align: center;\"><a href=\"http:\/\/www.kita-volksinitiative.de\/\" target=\"_blank\">Volksinitiative <abbr class='c2c-text-hover' title='Kindertagesst\u00e4tte'>KiTa<\/abbr><\/a><\/p>\n<p style=\"text-align: center;\">oder auch hier:<\/p>\n<p style=\"text-align: center;\"><a href=\"http:\/\/www.buendnis-fuer-kinder-nds.de\/\" target=\"_blank\"><img loading=\"lazy\" decoding=\"async\" class=\"aligncenter size-full wp-image-1493\" title=\"logo2\" src=\"https:\/\/mav.leine-solling.de\/wp-content\/uploads\/2012\/09\/logo2.gif\" alt=\"\" width=\"195\" height=\"138\" \/><\/a><\/p>\n<p style=\"text-align: center;\"><a href=\"http:\/\/www.buendnis-fuer-kinder-nds.de\/\" target=\"_blank\">B\u00fcndnis f\u00fcr Kinder<\/a><\/p>\n<p style=\"text-align: center;\">Die <abbr class='c2c-text-hover' title='Kindertagesst\u00e4tte'>KiTa<\/abbr>-Volksinitiative findet man auch auf Facebook<\/p>\n<p style=\"text-align: center;\">\u00a0<a href=\"http:\/\/www.facebook.com\/pages\/B%C3%BCndnis-f%C3%BCr-Kinder-und-Familien-in-Niedersachsen-eV\/373251359379683\" target=\"_blank\"><img loading=\"lazy\" decoding=\"async\" class=\"size-full wp-image-1494 aligncenter\" title=\"RTEmagicC_facebook_logo_02.jpg\" src=\"https:\/\/mav.leine-solling.de\/wp-content\/uploads\/2012\/09\/RTEmagicC_facebook_logo_02.jpg.jpg\" alt=\"\" width=\"144\" height=\"55\" \/><\/a><\/p>\n<p style=\"text-align: center;\"><strong>Die Unterschriftslisten sind ab 8. Oktober auch im <abbr class='c2c-text-hover' title='Mitarbeitervertretung'>MAV<\/abbr>-B\u00fcro erh\u00e4ltlich.<\/strong><\/p>\n<p style=\"text-align: center;\">Damit die Aktion erfolgreich verl\u00e4uft, m\u00fcssen bis zum 7.9.<strong>2013<\/strong> mindestens <strong>70.000 Unterschriften<\/strong> gesammelt werden. Wird dies erreicht, muss sich der Nieders\u00e4chsische Landtag mit dem Thema der Initiative befassen.\u00a0Die Nieders\u00e4chsische Landeswahlleiterin Ulrike Sachs hat den Pr\u00e4sidenten des Nieders\u00e4chsischen Landtages Hermann Dinkla und den Ministerpr\u00e4sidenten David McAllister dar\u00fcber informiert, dass ihr die Durchf\u00fchrung einer Volksinitiative in der vom Nieders\u00e4chsischen Volksabstimmungsgesetz vorgeschriebenen Weise angezeigt worden ist.<\/p>\n<p style=\"text-align: center;\">N\u00e4here Infos:<\/p>\n<p style=\"text-align: center;\"><a href=\"http:\/\/www.landeswahlleiter.niedersachsen.de\/portal\/live.php?navigation_id=6750&amp;article_id=108700&amp;_psmand=21\" target=\"_blank\">Landeswahlleiter<\/a><\/p>\n","protected":false},"excerpt":{"rendered":"<p>Die Unterschriftenlisten f\u00fcr die\u00a0<abbr class='c2c-text-hover' title='Kindertagesst\u00e4tte'>KiTa<\/abbr>-Volksinitiative sind nun in Druck gegangen und werden etwa ab der 39. Kalenderwoche an die KiTas verteilt. Vorab stehen die B\u00f6gen auch schon auf der Homepage der Initiative zum Download bereit. Die\u00a0<abbr class='c2c-text-hover' title='Kindertagesst\u00e4tte'>KiTa<\/abbr>-Volksinitiative soll erreichen, dass der Nieders\u00e4chsische Landtag den Betreuungsschl\u00fcssel im <abbr class='c2c-text-hover' title='Kindertagesst\u00e4tte'>KiTa<\/abbr>-Gesetz wie folgt verbessert: F\u00fcr Krippen: &#8211;\u00a0\u00a0\u00a0\u00a0\u00a0\u00a0\u00a0\u00a0\u00a0\u00a01 Erzieher\/in f\u00fcr 3 Kinder [&hellip;]<\/p>\n","protected":false},"author":1,"featured_media":0,"comment_status":"closed","ping_status":"closed","sticky":false,"template":"","format":"standard","meta":{"footnotes":""},"categories":[1],"tags":[],"class_list":["post-1491","post","type-post","status-publish","format-standard","hentry","category-informationen"],"_links":{"self":[{"href":"https:\/\/mav.leine-solling.de\/index.php?rest_route=\/wp\/v2\/posts\/1491","targetHints":{"allow":["GET"]}}],"collection":[{"href":"https:\/\/mav.leine-solling.de\/index.php?rest_route=\/wp\/v2\/posts"}],"about":[{"href":"https:\/\/mav.leine-solling.de\/index.php?rest_route=\/wp\/v2\/types\/post"}],"author":[{"embeddable":true,"href":"https:\/\/mav.leine-solling.de\/index.php?rest_route=\/wp\/v2\/users\/1"}],"replies":[{"embeddable":true,"href":"https:\/\/mav.leine-solling.de\/index.php?rest_route=%2Fwp%2Fv2%2Fcomments&post=1491"}],"version-history":[{"count":7,"href":"https:\/\/mav.leine-solling.de\/index.php?rest_route=\/wp\/v2\/posts\/1491\/revisions"}],"predecessor-version":[{"id":1497,"href":"https:\/\/mav.leine-solling.de\/index.php?rest_route=\/wp\/v2\/posts\/1491\/revisions\/1497"}],"wp:attachment":[{"href":"https:\/\/mav.leine-solling.de\/index.php?rest_route=%2Fwp%2Fv2%2Fmedia&parent=1491"}],"wp:term":[{"taxonomy":"category","embeddable":true,"href":"https:\/\/mav.leine-solling.de\/index.php?rest_route=%2Fwp%2Fv2%2Fcategories&post=1491"},{"taxonomy":"post_tag","embeddable":true,"href":"https:\/\/mav.leine-solling.de\/index.php?rest_route=%2Fwp%2Fv2%2Ftags&post=1491"}],"curies":[{"name":"wp","href":"https:\/\/api.w.org\/{rel}","templated":true}]}}