{"id":1479,"date":"2012-09-11T09:06:15","date_gmt":"2012-09-11T08:06:15","guid":{"rendered":"http:\/\/mav.leine-solling.de\/?p=1479"},"modified":"2012-09-11T09:11:02","modified_gmt":"2012-09-11T08:11:02","slug":"1479","status":"publish","type":"post","link":"https:\/\/mav.leine-solling.de\/?p=1479","title":{"rendered":"Eingruppierung von KiTa-Leitungen"},"content":{"rendered":"<p>Die Arbeits- und Dienstrechtliche Kommission (<abbr class='c2c-text-hover' title='Arbeits- und Dienstrechtliche Kommission'>ADK<\/abbr>) will sich bis zum Juli 2013 mit den T\u00e4tigkeitsmerkmalen der neuen Entgeltordnung besch\u00e4ftigen. Die <abbr class='c2c-text-hover' title='Mitarbeitervertretung'>MAV<\/abbr> Leine-Solling m\u00f6chte zumindest den Arbeitnehmerverb\u00e4nden in der <abbr class='c2c-text-hover' title='Arbeits- und Dienstrechtliche Kommission'>ADK<\/abbr> Hinweise geben, an welchen Stellen und in welche Richtung aus Sicht der Mitarbeitenden Diskussionsbedarf besteht. Wir m\u00f6chten daher u.a. eine Debatte \u00fcber die Eingruppierung der Leitungen von <abbr class='c2c-text-hover' title='Kindertagesst\u00e4tte'>KiTa<\/abbr>\u2018s ansto\u00dfen:<\/p>\n<p>In der neuen Entgeltordnung ist zu diesem Thema die bisherige Regelung des <abbr class='c2c-text-hover' title='Bundesangestelltentarifvertrag'>BAT<\/abbr> \u00fcbernommen worden, die Eingruppierung richtet sich nach der Zahl der vergebenen, gleichzeitig besetzbaren Pl\u00e4tze im Zeitraum Oktober bis Dezember des Vorjahres. Da dabei Faktoren wie I-Gruppen, Hortkinder oder Kinder unter drei Jahren unber\u00fccksichtigt bleiben, f\u00fchren Qualit\u00e4tsverbesserungen m\u00f6glicherweise zu niedrigeren Eingruppierung der Einrichtungsleitung.<\/p>\n<p>Wir legen ein Infoblatt bei, bei dem Regelungsm\u00f6glichkeiten aus anderen Tarifsystemen dargestellt sind. Am differenziertesten und am Besten durchdacht scheint die Regelung der Landeskirche Baden.<\/p>\n<p>Schreibt uns doch mal eure Meinung zu den Vorschl\u00e4gen der Anlage!<\/p>\n<p><a href=\"https:\/\/mav.leine-solling.de\/wp-content\/uploads\/2012\/09\/12-08-24-alternative-Modelle-zur-Eingruppierung-von-KiTa1.pdf\" target=\"_blank\">Hier geht es zur Anlage<\/a><\/p>\n","protected":false},"excerpt":{"rendered":"<p>Die Arbeits- und Dienstrechtliche Kommission (<abbr class='c2c-text-hover' title='Arbeits- und Dienstrechtliche Kommission'>ADK<\/abbr>) will sich bis zum Juli 2013 mit den T\u00e4tigkeitsmerkmalen der neuen Entgeltordnung besch\u00e4ftigen. Die <abbr class='c2c-text-hover' title='Mitarbeitervertretung'>MAV<\/abbr> Leine-Solling m\u00f6chte zumindest den Arbeitnehmerverb\u00e4nden in der <abbr class='c2c-text-hover' title='Arbeits- und Dienstrechtliche Kommission'>ADK<\/abbr> Hinweise geben, an welchen Stellen und in welche Richtung aus Sicht der Mitarbeitenden Diskussionsbedarf besteht. Wir m\u00f6chten daher u.a. eine Debatte \u00fcber die Eingruppierung der Leitungen [&hellip;]<\/p>\n","protected":false},"author":1,"featured_media":0,"comment_status":"open","ping_status":"closed","sticky":false,"template":"","format":"standard","meta":{"footnotes":""},"categories":[1],"tags":[19,70,16,40,71],"class_list":["post-1479","post","type-post","status-publish","format-standard","hentry","category-informationen","tag-adk","tag-eingruppierung","tag-entgeltordnung","tag-kita","tag-kita-leitung"],"_links":{"self":[{"href":"https:\/\/mav.leine-solling.de\/index.php?rest_route=\/wp\/v2\/posts\/1479","targetHints":{"allow":["GET"]}}],"collection":[{"href":"https:\/\/mav.leine-solling.de\/index.php?rest_route=\/wp\/v2\/posts"}],"about":[{"href":"https:\/\/mav.leine-solling.de\/index.php?rest_route=\/wp\/v2\/types\/post"}],"author":[{"embeddable":true,"href":"https:\/\/mav.leine-solling.de\/index.php?rest_route=\/wp\/v2\/users\/1"}],"replies":[{"embeddable":true,"href":"https:\/\/mav.leine-solling.de\/index.php?rest_route=%2Fwp%2Fv2%2Fcomments&post=1479"}],"version-history":[{"count":4,"href":"https:\/\/mav.leine-solling.de\/index.php?rest_route=\/wp\/v2\/posts\/1479\/revisions"}],"predecessor-version":[{"id":1485,"href":"https:\/\/mav.leine-solling.de\/index.php?rest_route=\/wp\/v2\/posts\/1479\/revisions\/1485"}],"wp:attachment":[{"href":"https:\/\/mav.leine-solling.de\/index.php?rest_route=%2Fwp%2Fv2%2Fmedia&parent=1479"}],"wp:term":[{"taxonomy":"category","embeddable":true,"href":"https:\/\/mav.leine-solling.de\/index.php?rest_route=%2Fwp%2Fv2%2Fcategories&post=1479"},{"taxonomy":"post_tag","embeddable":true,"href":"https:\/\/mav.leine-solling.de\/index.php?rest_route=%2Fwp%2Fv2%2Ftags&post=1479"}],"curies":[{"name":"wp","href":"https:\/\/api.w.org\/{rel}","templated":true}]}}