{"id":1461,"date":"2012-08-06T14:51:20","date_gmt":"2012-08-06T13:51:20","guid":{"rendered":"http:\/\/mav.leine-solling.de\/?p=1461"},"modified":"2012-08-06T14:51:20","modified_gmt":"2012-08-06T13:51:20","slug":"30-tage-urlaub-fur-alle-2","status":"publish","type":"post","link":"https:\/\/mav.leine-solling.de\/?p=1461","title":{"rendered":"30 Tage Urlaub f\u00fcr alle!"},"content":{"rendered":"<p>Liebe Kolleginnen und Kollegen.<\/p>\n<p>Jetzt ist es amtlich und passt so richtig gut zur Urlaubszeit: 30 Tage Urlaub f\u00fcr alle \ud83d\ude42<\/p>\n<p><strong>F\u00fcr 2011 gilt folgende Regelung:<\/strong><\/p>\n<p>Besch\u00e4ftigte, die das 40. Lebensjahr noch nicht vollendet hatten, haben einen Urlaubsanspruch von 30 Tagen (F\u00fcnf-Tage-Woche). Dies gilt auch anteilig f\u00fcr Einstellungen im Laufe 2011.<\/p>\n<p><span style=\"text-decoration: underline;\">Der \u00dcbertragungszeitraum f\u00fcr den entstandenen Mehrurlaub, der sich auf das Jahr 2011 bezieht, wird bis zum 30. Juni 2013 verl\u00e4ngert.<\/span><\/p>\n<p>Der sich bisher ergebende Urlaub von 26 bzw. 29 Tagen muss nach wie vor bis zum 30. September 2012 angetreten werden.<\/p>\n<p>&nbsp;<\/p>\n<p><strong>F\u00fcr 2012 gilt folgende Regelung:<\/strong><\/p>\n<p>Besch\u00e4ftigte haben f\u00fcr 2012 einen <span style=\"text-decoration: underline;\">altersunabh\u00e4ngigen Urlaubsanspruch von 30 Arbeitstagen (F\u00fcnf-Tage-Woche)<\/span>. Dies gilt auch anteilig f\u00fcr Einstellungen im Laufe 2012.<\/p>\n<p>F\u00fcr den Urlaubsanspruch aus dem Jahr 2012 bleibt es bei dem \u00dcbertragungszeitraum bis zum 30. September 2013.<\/p>\n<p>&nbsp;<\/p>\n<p>Na dann: Sch\u00f6nen Urlaub<\/p>\n<p>&nbsp;<\/p>\n<p>&nbsp;<\/p>\n","protected":false},"excerpt":{"rendered":"<p>Liebe Kolleginnen und Kollegen. Jetzt ist es amtlich und passt so richtig gut zur Urlaubszeit: 30 Tage Urlaub f\u00fcr alle \ud83d\ude42 F\u00fcr 2011 gilt folgende Regelung: Besch\u00e4ftigte, die das 40. Lebensjahr noch nicht vollendet hatten, haben einen Urlaubsanspruch von 30 Tagen (F\u00fcnf-Tage-Woche). Dies gilt auch anteilig f\u00fcr Einstellungen im Laufe 2011. Der \u00dcbertragungszeitraum f\u00fcr den [&hellip;]<\/p>\n","protected":false},"author":1,"featured_media":0,"comment_status":"closed","ping_status":"closed","sticky":false,"template":"","format":"standard","meta":{"footnotes":""},"categories":[1],"tags":[],"class_list":["post-1461","post","type-post","status-publish","format-standard","hentry","category-informationen"],"_links":{"self":[{"href":"https:\/\/mav.leine-solling.de\/index.php?rest_route=\/wp\/v2\/posts\/1461","targetHints":{"allow":["GET"]}}],"collection":[{"href":"https:\/\/mav.leine-solling.de\/index.php?rest_route=\/wp\/v2\/posts"}],"about":[{"href":"https:\/\/mav.leine-solling.de\/index.php?rest_route=\/wp\/v2\/types\/post"}],"author":[{"embeddable":true,"href":"https:\/\/mav.leine-solling.de\/index.php?rest_route=\/wp\/v2\/users\/1"}],"replies":[{"embeddable":true,"href":"https:\/\/mav.leine-solling.de\/index.php?rest_route=%2Fwp%2Fv2%2Fcomments&post=1461"}],"version-history":[{"count":2,"href":"https:\/\/mav.leine-solling.de\/index.php?rest_route=\/wp\/v2\/posts\/1461\/revisions"}],"predecessor-version":[{"id":1463,"href":"https:\/\/mav.leine-solling.de\/index.php?rest_route=\/wp\/v2\/posts\/1461\/revisions\/1463"}],"wp:attachment":[{"href":"https:\/\/mav.leine-solling.de\/index.php?rest_route=%2Fwp%2Fv2%2Fmedia&parent=1461"}],"wp:term":[{"taxonomy":"category","embeddable":true,"href":"https:\/\/mav.leine-solling.de\/index.php?rest_route=%2Fwp%2Fv2%2Fcategories&post=1461"},{"taxonomy":"post_tag","embeddable":true,"href":"https:\/\/mav.leine-solling.de\/index.php?rest_route=%2Fwp%2Fv2%2Ftags&post=1461"}],"curies":[{"name":"wp","href":"https:\/\/api.w.org\/{rel}","templated":true}]}}