{"id":1440,"date":"2012-05-11T10:30:43","date_gmt":"2012-05-11T09:30:43","guid":{"rendered":"http:\/\/mav.leine-solling.de\/?p=1440"},"modified":"2012-05-11T10:33:39","modified_gmt":"2012-05-11T09:33:39","slug":"entgeltordnung-fur-kirchliche-mitarbeitende-beschlossen","status":"publish","type":"post","link":"https:\/\/mav.leine-solling.de\/?p=1440","title":{"rendered":"Neue Entgeltordnung f\u00fcr kirchliche Mitarbeitende beschlossen"},"content":{"rendered":"<p>In ihrer Sitzung am 08.05.2012 hat die <abbr class='c2c-text-hover' title='Arbeits- und Dienstrechtliche Kommission'>ADK<\/abbr> beschlossen, die Entgeltordnung des \u00f6ffentlichen Dienstes der L\u00e4nder f\u00fcr kirchliche Mitarbeitende zu \u00fcbernehmen und f\u00fcr die kircheneigenen T\u00e4tigkeitsmerkmale eine eigene Entgeltordnung zu verabschieden.<\/p>\n<p>Beide treten r\u00fcckwirkend zum 01.01.2012 in Kraft. <em>\u201eMit der beschlossenen Entgeltordnung wird es keine Verschlechterungen f\u00fcr die kirchlichen Mitarbeitenden geben. In zahlreichen F\u00e4llen ist sogar mit H\u00f6hergruppierungen zu rechnen. Dies betrifft insbesondere Besch\u00e4ftigte, die nach dem 1. Januar 2009 eingestellt wurden\u201c erkl\u00e4rten Ralf Vullriede, der Sprecher der Mitarbeiterverb\u00e4nde und Jens Lehmann, Sprecher der Arbeitgeber. <\/em><\/p>\n<p>So wird es <abbr class='c2c-text-hover' title='zum Beispiel'>z.B.<\/abbr> f\u00fcr ErzieherInnen eine neue Eingruppierung in <abbr class='c2c-text-hover' title='Entgeltgruppe'>EG<\/abbr> 8\u00a0 (statt bisher EG6) geben.<\/p>\n<p>Derzeit ist die Entscheidung der <abbr class='c2c-text-hover' title='Arbeits- und Dienstrechtliche Kommission'>ADK<\/abbr> noch nicht rechtskr\u00e4ftig, der Wortlauf der Entgeltordnung liegt uns auch nicht vor. Wir gehen davon aus, dass die \u00c4nderungen in der Eingruppierung von Amts erfolgen wird und von daher kein Handlungsbedarf f\u00fcr Mitarbeitende besteht. Wir werden weiter informieren.<\/p>\n<p>Die Pressemitteilung der Konf\u00f6deration findet sich <a href=\"http:\/\/www.landeskirche-hannovers.de\/evlka-de\/presse-und-medien\/pressemitteilungen\/konfoederation\/2012\/05\/2012_05_10_ADK\" target=\"_blank\">hier<\/a>.<\/p>\n","protected":false},"excerpt":{"rendered":"<p>In ihrer Sitzung am 08.05.2012 hat die <abbr class='c2c-text-hover' title='Arbeits- und Dienstrechtliche Kommission'>ADK<\/abbr> beschlossen, die Entgeltordnung des \u00f6ffentlichen Dienstes der L\u00e4nder f\u00fcr kirchliche Mitarbeitende zu \u00fcbernehmen und f\u00fcr die kircheneigenen T\u00e4tigkeitsmerkmale eine eigene Entgeltordnung zu verabschieden. Beide treten r\u00fcckwirkend zum 01.01.2012 in Kraft. \u201eMit der beschlossenen Entgeltordnung wird es keine Verschlechterungen f\u00fcr die kirchlichen Mitarbeitenden geben. In zahlreichen F\u00e4llen ist [&hellip;]<\/p>\n","protected":false},"author":1,"featured_media":0,"comment_status":"closed","ping_status":"closed","sticky":false,"template":"","format":"standard","meta":{"footnotes":""},"categories":[1,8],"tags":[19,41,70,16,44],"class_list":["post-1440","post","type-post","status-publish","format-standard","hentry","category-informationen","category-tv-l-spezial","tag-adk","tag-bewahrungsaufstieg","tag-eingruppierung","tag-entgeltordnung","tag-fallgruppenaufstieg"],"_links":{"self":[{"href":"https:\/\/mav.leine-solling.de\/index.php?rest_route=\/wp\/v2\/posts\/1440","targetHints":{"allow":["GET"]}}],"collection":[{"href":"https:\/\/mav.leine-solling.de\/index.php?rest_route=\/wp\/v2\/posts"}],"about":[{"href":"https:\/\/mav.leine-solling.de\/index.php?rest_route=\/wp\/v2\/types\/post"}],"author":[{"embeddable":true,"href":"https:\/\/mav.leine-solling.de\/index.php?rest_route=\/wp\/v2\/users\/1"}],"replies":[{"embeddable":true,"href":"https:\/\/mav.leine-solling.de\/index.php?rest_route=%2Fwp%2Fv2%2Fcomments&post=1440"}],"version-history":[{"count":3,"href":"https:\/\/mav.leine-solling.de\/index.php?rest_route=\/wp\/v2\/posts\/1440\/revisions"}],"predecessor-version":[{"id":1442,"href":"https:\/\/mav.leine-solling.de\/index.php?rest_route=\/wp\/v2\/posts\/1440\/revisions\/1442"}],"wp:attachment":[{"href":"https:\/\/mav.leine-solling.de\/index.php?rest_route=%2Fwp%2Fv2%2Fmedia&parent=1440"}],"wp:term":[{"taxonomy":"category","embeddable":true,"href":"https:\/\/mav.leine-solling.de\/index.php?rest_route=%2Fwp%2Fv2%2Fcategories&post=1440"},{"taxonomy":"post_tag","embeddable":true,"href":"https:\/\/mav.leine-solling.de\/index.php?rest_route=%2Fwp%2Fv2%2Ftags&post=1440"}],"curies":[{"name":"wp","href":"https:\/\/api.w.org\/{rel}","templated":true}]}}