{"id":1420,"date":"2012-05-08T10:31:17","date_gmt":"2012-05-08T09:31:17","guid":{"rendered":"http:\/\/mav.leine-solling.de\/?p=1420"},"modified":"2014-09-12T10:49:23","modified_gmt":"2014-09-12T09:49:23","slug":"30-tage-urlaub-fur-alle","status":"publish","type":"post","link":"https:\/\/mav.leine-solling.de\/?p=1420","title":{"rendered":"30 Tage Urlaub f\u00fcr alle"},"content":{"rendered":"<p>Das Urteil des Bundesarbeitsgerichts vom 20.03.2012 (9 AZR 529\/10) zeigt Wirkung (wir informierten <a href=\"https:\/\/mav.leine-solling.de\/?p=1368\" target=\"_blank\">hier<\/a>) . Nach R\u00fccksprache mit der Personalabteilung haben ab sofort alle Besch\u00e4ftigten einen Urlaubsanspruch von 30 Tagen. Es sei denn, die <abbr class='c2c-text-hover' title='Arbeits- und Dienstrechtliche Kommission'>ADK<\/abbr> beschlie\u00dft eine andere Regelung. Diese kann dann aber keinesfalls f\u00fcr die Vergangenheit gelten, sondern allenfalls Wirkung in der Zukunft entfalten.<\/p>\n<p>F\u00fcr die \u00fcber 40j\u00e4hrigen \u00e4ndert sich nichts, die hatten sowieso einen Anspruch auf 30 Tage Urlaub (berechnet auf eine 5-Tage-Woche).<\/p>\n<p>F\u00fcr die, die am 1.1.2012 noch nicht ihr 40.Lebensjahr vollendet hatten, hei\u00dft es aufpassen: Wer im Jahr 2011 nur 26 oder 29 Tage Urlaubsanspruch erhalten hatte, kann den h\u00f6heren Anspruch geltend machen und den Mehrurlaub abfeiern. Derzeit geschieht dies nicht automatisch, sondern muss bei den Arbeitgebern beantragt werden. Ein entsprechendes Formular kann <a href=\"https:\/\/mav.leine-solling.de\/wp-content\/uploads\/2012\/05\/Geltendmachung-Urlaubsanspruch.pdf\" target=\"_blank\">hier<\/a> runter geladen werden. Dieses Formular sollte schnellstm\u00f6glich dort abgegeben werden, wo sonst auch der Urlaub beantragt wird.<\/p>\n<p>Achtung: der Resturlaub aus dem Vorjahr muss bis zum 30.09. angetreten\u00a0worden sein, sonst verf\u00e4llt er. Dies gilt auch f\u00fcr die \u00fcberraschend hinzu gekommenen Urlaubstage.<\/p>\n","protected":false},"excerpt":{"rendered":"<p>Das Urteil des Bundesarbeitsgerichts vom 20.03.2012 (9 AZR 529\/10) zeigt Wirkung (wir informierten hier) . Nach R\u00fccksprache mit der Personalabteilung haben ab sofort alle Besch\u00e4ftigten einen Urlaubsanspruch von 30 Tagen. Es sei denn, die <abbr class='c2c-text-hover' title='Arbeits- und Dienstrechtliche Kommission'>ADK<\/abbr> beschlie\u00dft eine andere Regelung. Diese kann dann aber keinesfalls f\u00fcr die Vergangenheit gelten, sondern allenfalls Wirkung in der Zukunft entfalten. [&hellip;]<\/p>\n","protected":false},"author":1,"featured_media":0,"comment_status":"closed","ping_status":"closed","sticky":false,"template":"","format":"standard","meta":{"footnotes":""},"categories":[1],"tags":[68,69],"class_list":["post-1420","post","type-post","status-publish","format-standard","hentry","category-informationen","tag-urlaub","tag-urlaubsanspruch"],"_links":{"self":[{"href":"https:\/\/mav.leine-solling.de\/index.php?rest_route=\/wp\/v2\/posts\/1420","targetHints":{"allow":["GET"]}}],"collection":[{"href":"https:\/\/mav.leine-solling.de\/index.php?rest_route=\/wp\/v2\/posts"}],"about":[{"href":"https:\/\/mav.leine-solling.de\/index.php?rest_route=\/wp\/v2\/types\/post"}],"author":[{"embeddable":true,"href":"https:\/\/mav.leine-solling.de\/index.php?rest_route=\/wp\/v2\/users\/1"}],"replies":[{"embeddable":true,"href":"https:\/\/mav.leine-solling.de\/index.php?rest_route=%2Fwp%2Fv2%2Fcomments&post=1420"}],"version-history":[{"count":8,"href":"https:\/\/mav.leine-solling.de\/index.php?rest_route=\/wp\/v2\/posts\/1420\/revisions"}],"predecessor-version":[{"id":2091,"href":"https:\/\/mav.leine-solling.de\/index.php?rest_route=\/wp\/v2\/posts\/1420\/revisions\/2091"}],"wp:attachment":[{"href":"https:\/\/mav.leine-solling.de\/index.php?rest_route=%2Fwp%2Fv2%2Fmedia&parent=1420"}],"wp:term":[{"taxonomy":"category","embeddable":true,"href":"https:\/\/mav.leine-solling.de\/index.php?rest_route=%2Fwp%2Fv2%2Fcategories&post=1420"},{"taxonomy":"post_tag","embeddable":true,"href":"https:\/\/mav.leine-solling.de\/index.php?rest_route=%2Fwp%2Fv2%2Ftags&post=1420"}],"curies":[{"name":"wp","href":"https:\/\/api.w.org\/{rel}","templated":true}]}}