{"id":1372,"date":"2012-03-30T09:37:59","date_gmt":"2012-03-30T08:37:59","guid":{"rendered":"http:\/\/mav.leine-solling.de\/?p=1372"},"modified":"2012-04-17T08:28:21","modified_gmt":"2012-04-17T07:28:21","slug":"evangelischer-kindergarten-in-moringen-vor-dem-aus","status":"publish","type":"post","link":"https:\/\/mav.leine-solling.de\/?p=1372","title":{"rendered":"Evangelischer Kindergarten in Moringen vor dem Aus?"},"content":{"rendered":"<p>Der Kindertagesst\u00e4ttenverband Northeim lehnt den von der Stadt Moringen vorgelegten Betriebsf\u00fchrungsvertrag ab, da wesentliche kirchliche Selbstbestimmungsrechte durch den Vertrag verletzt w\u00fcrden und dieser deshalb keine kirchenaufsichtliche Genehmigung erhalten w\u00fcrde. Nach mehr als zwei Jahren Verhandlung droht damit die Schlie\u00dfung des evangelischen Kindergartens in Moringen zum 31.07.2012. <!--more--><\/p>\n<p>Die Pressemitteilung des Kirchenkreises kann man <a title=\"Presseerkl\u00e4rung Scholz\" href=\"http:\/\/sprengelhildesheimgoettingen.wordpress.com\/2012\/03\/29\/kirchenkreis-leine-solling\/\" target=\"_blank\">hier<\/a> nachlesen.<\/p>\n<p>Auf einer Dienstbesprechung wurden die Mitarbeitenden der Kindertagesst\u00e4tte \u00fcber die Situation informiert. Die <abbr class='c2c-text-hover' title='Mitarbeitervertretung'>MAV<\/abbr> war anwesend und wird sich auch in den n\u00e4chsten Wochen mit aller Kraft an die Seite der Mitarbeitenden stellen.<\/p>\n<p>Die <abbr class='c2c-text-hover' title='Mitarbeitervertretung'>MAV<\/abbr> hat die folgende\u00a0 Presseerkl\u00e4rung abgegeben:<\/p>\n<p>&nbsp;<\/p>\n<p><strong>In den vielen letzten Jahren wurde und wird durch die Mitarbeiterinnen des evangelischen Kindergartens in Moringen eine sehr engagierte und qualifizierte Kindergartenarbeit verrichtet. Kirche als Tr\u00e4ger der Kindertagesst\u00e4tte, mit erfahrenen und gut ausgebildeten Mitarbeitern, hat sich als ein kompetenter und zuverl\u00e4ssiger Partner erwiesen.<\/strong><\/p>\n<p><strong>Selbst in den vergangenen zwei Jahren, seit denen die aktuellen Verhandlungen nunmehr schon laufen, haben sich die Mitarbeiterinnen, obwohl seither ihre berufliche Zukunft eher ungewiss ist, dem Druck nicht gebeugt und weiterhin hervorragende Arbeit geleistet. Ebenso hat sich der Kindertagesst\u00e4ttenverband in den Verhandlungen mit der Stadt Moringen immer wieder fachgerecht und mit Nachdruck daf\u00fcr eingesetzt, die bisherige Zusammenarbeit auch weiterhin fortzusetzen.<\/strong><\/p>\n<p><strong>Die Gr\u00fcnde die den <abbr class='c2c-text-hover' title='Kindertagesst\u00e4tte'>KiTa<\/abbr>-Verband nunmehr bewogen haben den Vertragsentwurf der Kommune nicht zu unterschreiben, sind f\u00fcr die Mitarbeitervertretung des Kirchenkreises Leine-Solling sehr gut nachvollziehbar. Auch kirchliches Arbeits- und Mitbestimmungsrecht w\u00fcrden hier ausgehebelt, bestehende Dienstvereinbarungen zwischen <abbr class='c2c-text-hover' title='Kindertagesst\u00e4tte'>KiTa<\/abbr>-Verband und Mitarbeitervertretung m\u00fcssten gek\u00fcndigt werden.<\/strong><\/p>\n<p><strong>Diese Entscheidung, allein mit Blick auf seine Verantwortung gegen\u00fcber den 18 betroffenen Mitarbeiterinnen, hat sich der Verband nicht leicht gemacht. Wir erwarten von den politisch Handelnden in Moringen, dass auch sie ihre Verantwortung f\u00fcr den Erhalt von 18 Arbeitspl\u00e4tzen wahrnehmen. \u00a0<\/strong><\/p>\n<p>Soweit die Presseerkl\u00e4rung.<\/p>\n<p>Die <abbr class='c2c-text-hover' title='Mitarbeitervertretung'>MAV<\/abbr> wird die vielen Fragen, die sich aus der ungekl\u00e4rten Situation der Einrichtung ergeben, aufarbeiten und auf Teilmitarbeiterversammlungen die Kollegen und Kolleginnen informieren. Wir raten den Mitarbeitenden dringend, sich ausf\u00fchrlich beraten zu lassen, bevor sie irgendwelche arbeitsrechtlichen Vertr\u00e4ge unterschreiben.<\/p>\n","protected":false},"excerpt":{"rendered":"<p>Der Kindertagesst\u00e4ttenverband Northeim lehnt den von der Stadt Moringen vorgelegten Betriebsf\u00fchrungsvertrag ab, da wesentliche kirchliche Selbstbestimmungsrechte durch den Vertrag verletzt w\u00fcrden und dieser deshalb keine kirchenaufsichtliche Genehmigung erhalten w\u00fcrde. Nach mehr als zwei Jahren Verhandlung droht damit die Schlie\u00dfung des evangelischen Kindergartens in Moringen zum 31.07.2012.<\/p>\n","protected":false},"author":1,"featured_media":0,"comment_status":"closed","ping_status":"closed","sticky":false,"template":"","format":"standard","meta":{"footnotes":""},"categories":[1],"tags":[64,67,40,66,22,65],"class_list":["post-1372","post","type-post","status-publish","format-standard","hentry","category-informationen","tag-betriebsubergang","tag-kindertagesstattenverband","tag-kita","tag-kundigung","tag-mitarbeiterversammlung","tag-schliesung"],"_links":{"self":[{"href":"https:\/\/mav.leine-solling.de\/index.php?rest_route=\/wp\/v2\/posts\/1372","targetHints":{"allow":["GET"]}}],"collection":[{"href":"https:\/\/mav.leine-solling.de\/index.php?rest_route=\/wp\/v2\/posts"}],"about":[{"href":"https:\/\/mav.leine-solling.de\/index.php?rest_route=\/wp\/v2\/types\/post"}],"author":[{"embeddable":true,"href":"https:\/\/mav.leine-solling.de\/index.php?rest_route=\/wp\/v2\/users\/1"}],"replies":[{"embeddable":true,"href":"https:\/\/mav.leine-solling.de\/index.php?rest_route=%2Fwp%2Fv2%2Fcomments&post=1372"}],"version-history":[{"count":3,"href":"https:\/\/mav.leine-solling.de\/index.php?rest_route=\/wp\/v2\/posts\/1372\/revisions"}],"predecessor-version":[{"id":1374,"href":"https:\/\/mav.leine-solling.de\/index.php?rest_route=\/wp\/v2\/posts\/1372\/revisions\/1374"}],"wp:attachment":[{"href":"https:\/\/mav.leine-solling.de\/index.php?rest_route=%2Fwp%2Fv2%2Fmedia&parent=1372"}],"wp:term":[{"taxonomy":"category","embeddable":true,"href":"https:\/\/mav.leine-solling.de\/index.php?rest_route=%2Fwp%2Fv2%2Fcategories&post=1372"},{"taxonomy":"post_tag","embeddable":true,"href":"https:\/\/mav.leine-solling.de\/index.php?rest_route=%2Fwp%2Fv2%2Ftags&post=1372"}],"curies":[{"name":"wp","href":"https:\/\/api.w.org\/{rel}","templated":true}]}}