{"id":1359,"date":"2012-03-20T10:43:43","date_gmt":"2012-03-20T09:43:43","guid":{"rendered":"http:\/\/mav.leine-solling.de\/?p=1359"},"modified":"2012-03-20T11:00:22","modified_gmt":"2012-03-20T10:00:22","slug":"viele-aktionen-und-viel-bewegung-was-ist-was","status":"publish","type":"post","link":"https:\/\/mav.leine-solling.de\/?p=1359","title":{"rendered":"Viele Aktionen und viel Bewegung. Was ist was?"},"content":{"rendered":"<p>In den letzten Wochen fanden verschiedene Veranstaltungen\u00a0 und Aktionen in ganz unterschiedlichen Feldern der (tarif-)politischen Landschaft statt. Wir versuchen im Weiteren zu erl\u00e4utern, wer was warum will. <!--more--><\/p>\n<p><strong>Warn-Streik in kommunalen Kitas<\/strong><\/p>\n<p>Im Bereich des Tarifvertrages f\u00fcr den \u00f6ffentlichen Dienst des Bundes und der Kommunen finden derzeit Tarifverhandlungen zwischen den Arbeitgeberverb\u00e4nden und ver.di statt. Zwei Verhandlungsrunden sind bereits gescheitert. Um den Druck auf die Arbeitgeber zu erh\u00f6hen\u00a0 hat ver.di die Besch\u00e4ftigten in vielen Bereichen zu Warnstreiks aufgerufen. Unter anderem auch die Kollegen und Kolleginnen in den kommunalen Kindertagesst\u00e4tten.<\/p>\n<p>Uns erreichen immer mal wieder Anfragen, in wie weit die kirchlichen Kitas von diesen Aktionen auch betroffen sind. Zun\u00e4chst ist festzustellen, dass der Arbeitskampf nicht in \u201eunserem\u201c Tarifsystem <abbr class='c2c-text-hover' title='Tarifvertrag der L\u00e4nder'>TV-L<\/abbr> stattfindet, sondern im Bereich des <abbr class='c2c-text-hover' title='Tarifvertrag \u00f6ffentlicher Dienst'>TV-\u00f6D<\/abbr>. Insoweit k\u00f6nnte man sagen: \u201eDamit haben wir nichts zu tun!\u201c Was aber nat\u00fcrlich nicht hei\u00dft, dass Ver\u00e4nderungen im Bereich des Bundes und der Kommunen sich nicht irgendwann auch auf die Geh\u00e4lter im Bereich des <abbr class='c2c-text-hover' title='Tarifvertrag der L\u00e4nder'>TV-L<\/abbr>\u00a0 auswirken. Aber das sind dann neue Verhandlungen\u00a0 (vermutlich Anfang 2013), deren Ergebnis von der <abbr class='c2c-text-hover' title='Arbeits- und Dienstrechtliche Kommission'>ADK<\/abbr> f\u00fcr die Mitarbeitenden im kirchlichen Dienst \u00fcbernommen werden muss.<\/p>\n<p>Dar\u00fcber hinaus sollte es selbstverst\u00e4ndlich sein, sich mit Kollegen und Kolleginnen in der gleichen \u201eBranche\u201c solidarisch zu erkl\u00e4ren. Dies kann durch symbolische Aktionen geschehen oder durch die Abgabe von Solidarit\u00e4tsadressen. Die Teilnahme an Veranstaltungen ist nur in der Freizeit m\u00f6glich.<\/p>\n<p><strong>Demo f\u00fcr Tarifvertr\u00e4ge im Bereich der Diakonie <\/strong><\/p>\n<p>W\u00e4hrend der Synode der Konf\u00f6deration evangelischer Kirchen in Niedersachsen hat \u00a0ver.di die Besch\u00e4ftigten der Diakonischen Einrichtungen zu einer Demonstration aufgerufen. Ziel ist, f\u00fcr die Mitarbeitenden in diesem Bereich zu Tarifverhandlungen zu kommen. Das Modell des dritten Weges ist dort gescheitert, da viele Einrichtungen die Bestimmungen der <abbr class='c2c-text-hover' title='Arbeitsvertragsrichtlinien'>AVR<\/abbr>, dessen Anwendung eigentlich verbindlich ist, nicht anwenden. Die Mitarbeitenden fordern direkte Tarifverhandlungen. Die Arbeitgeber verweigern dies bislang.<\/p>\n<p>Die Synode k\u00f6nnte beschlie\u00dfen, den Weg f\u00fcr Tarifvertr\u00e4ge frei zu machen. Dazu forderten die 1500 Teilnehmer der Kundgebung am 10.03.2012 in Hannover\u00a0 die Synodalen auf.\u00a0 Aber auch diese Mal wurde durch den stellvertretenden Vorsitzenden der Konf\u00f6deration der \u201edritte Weg\u201c verteidigt und, wie schon von der Synode der EKD, die These aufgestellt, die Mitarbeitenden seien mit dem \u201edritten Weg\u201c besser bedient. Die Arbeitnehmervertreter der AG <abbr class='c2c-text-hover' title='Mitarbeitervertretung'>MAV<\/abbr> Diakonische Werke sehen diese Vorteile nicht und halten in einem offenen Brief dagegen: <a href=\"http:\/\/ag-mav.de\/cweb\/home\/index,selid,11893.html\" target=\"_blank\">hier <\/a>nachzulesen.<\/p>\n<p>&nbsp;<\/p>\n<p><strong>B\u00fcndnis f\u00fcr Kinder und Familien in Niedersachsen: Aktionsplanung f\u00fcr die Verbesserung\u00a0 der <abbr class='c2c-text-hover' title='Kindertagesst\u00e4tte'>Kita<\/abbr>-Standards<\/strong><\/p>\n<p>Am 05.03. 2012 fand in Hannover eine Auftaktveranstaltung des B\u00fcndnisses f\u00fcr Kinder und Familien in Niedersachsen statt. Dort sollte \u00fcberlegt werden, mit welchen Aktionen eine Verbesserung der Arbeitsbedingungen in den Kitas herbeigef\u00fchrt werden kann.<\/p>\n<p>\u201eDas B\u00fcndnis f\u00fcr Kinder und Familien in Niedersachsen e.V. ist die direkte Nachfolgeorganisation des Aktionsb\u00fcndnis f\u00fcr ein Volksbegehren zum Erhalt des <abbr class='c2c-text-hover' title='Kindertagesst\u00e4tte'>KiTa<\/abbr>-Gesetzes in Niedersachsen. Die beteiligten Aktionsb\u00fcndnismitglieder gr\u00fcndeten dann den Verein B\u00fcndnis f\u00fcr Kinder und Familien in Niedersachsen e.V. um die durch das Volksbegehren entstandenen Kontakte und positiven Kooperationsformen auch zuk\u00fcnftig sicherzustellen und auch weiterhin gemeinsam f\u00fcr die Qualit\u00e4tsstandards in Kindertagesst\u00e4tten zu sorgen.\u201c (<a href=\"http:\/\/www.buendnis-fuer-kinder-nds.de\/index.php?id=9\">http:\/\/www.buendnis-fuer-kinder-nds.de\/index.php?id=9<\/a>)<\/p>\n<p>Das Treffen in Hannover war mit \u00fcber 450 Teilnehmenden \u00a0ein gro\u00dfer Erfolg. Zu den Ergebnissen zitieren wir aus der <a href=\"http:\/\/www.buendnis-fuer-kinder-nds.de\/fileadmin\/user_upload\/downloads\/webseite_buendnis_03_12.pdf\" target=\"_blank\">Pressemitteilung <\/a>:<\/p>\n<p>&nbsp;<\/p>\n<p>\u201eDie dringlichste, von uns vertretene Forderung ist eine <strong>bessere Fachkraft-Kind-Relation<\/strong>. Hierf\u00fcr muss der Personalschl\u00fcssel erh\u00f6ht werden (Kinder 1 \u2013 3 Jahre: 4 Kinder pro Fachkraft; Kinder 3 -6 Jahre: 8 Kinder pro Fachkraft; Schulkinder: 8 Kinder pro Fachkraft). Gleichzeitig sind kleinere Gruppen das Ziel.<\/p>\n<p>Zus\u00e4tzlich werden f\u00fcr bessere Rahmenbedingungen in den Kitas gefordert:<\/p>\n<p>&#8211; mehr Verf\u00fcgungszeit, mehr Leitungsfreistellung<\/p>\n<p>&#8211; Bessere Raumstandards<\/p>\n<p>&#8211; Mindestqualifikation: ErzieherIn<\/p>\n<p>&#8211; fl\u00e4chendeckende Fachberatung<\/p>\n<p>&nbsp;<\/p>\n<p>Diese Forderungen stehen im Einklang mit der LAGFW-Kampagne \u201eKinder sind mehr wert\u201c und der Kampagne des B\u00fcndnisvereins \u201eDas 1 x 1 der fr\u00fchkindlichen Bildung\u201c (kann auf der Startseite angeklickt werden). \u2026<\/p>\n<p>Es haben sich <strong>5 Aktionsgruppen <\/strong>gebildet. Sie treffen sich <strong>alle jeweils um 17.30 Uhr in Hannover <\/strong><\/p>\n<p><strong>Wozu? Wann? Wo? <\/strong><\/p>\n<p>&#8211;\u00a0\u00a0\u00a0\u00a0\u00a0\u00a0\u00a0\u00a0\u00a0 Gro\u00dfdemo in Hannover (Menschenkette, Sternmarsch) : Do 15.03.2012 im katholischen Bildungszentrum, Eingang \u00a0gegen\u00fcber der Clemenskirche, Goethestr.\/ Ecke Kanonenwall, 30169 Hannover<\/p>\n<p>&#8211;\u00a0\u00a0\u00a0\u00a0\u00a0\u00a0\u00a0\u00a0\u00a0 Flashmob: Mi 21.03.2012 Arbeiterwohlfahrt, Marienstr. 22, 30171 Hannover<\/p>\n<p>&#8211;\u00a0\u00a0\u00a0\u00a0\u00a0\u00a0\u00a0\u00a0\u00a0 Verschiedene Aktionen: Mi 21.03.2012 Kinderladen-Initiative, Goseriede 13, 30159 Hannover<\/p>\n<p>&#8211;\u00a0\u00a0\u00a0\u00a0\u00a0\u00a0\u00a0\u00a0\u00a0 Regionale Aktionen, PolitikerInnen ansprechen: Do 22.03.2012 Diakonisches Werk, StaKi, Moorhoffstr. 28 30159 Hannover<\/p>\n<p>&#8211;\u00a0\u00a0\u00a0\u00a0\u00a0\u00a0\u00a0\u00a0\u00a0 Volksinitiative: Fr 23.03.2012 Kinderladen-Initiative, Goseriede 13, 30159 Hannover \u201c<\/p>\n<p>Die Arbeitsgruppen sind offen f\u00fcr neue Teilnehmer und Teilnehmerinnen. Ergebnisse und weitere Termine werden auf der <a href=\"http:\/\/www.buendnis-fuer-kinder-nds.de\" target=\"_blank\">Webseite des B\u00fcndnisses<\/a> ver\u00f6ffentlicht und wir werden hier berichten.<\/p>\n","protected":false},"excerpt":{"rendered":"<p>In den letzten Wochen fanden verschiedene Veranstaltungen\u00a0 und Aktionen in ganz unterschiedlichen Feldern der (tarif-)politischen Landschaft statt. Wir versuchen im Weiteren zu erl\u00e4utern, wer was warum will.<\/p>\n","protected":false},"author":1,"featured_media":0,"comment_status":"closed","ping_status":"closed","sticky":false,"template":"","format":"standard","meta":{"footnotes":""},"categories":[1],"tags":[63,48,40,62,61,18],"class_list":["post-1359","post","type-post","status-publish","format-standard","hentry","category-informationen","tag-arbeitsbedingungen","tag-gewerkschaft","tag-kita","tag-kita-gesetz","tag-tarifverhandlung","tag-ver-di"],"_links":{"self":[{"href":"https:\/\/mav.leine-solling.de\/index.php?rest_route=\/wp\/v2\/posts\/1359","targetHints":{"allow":["GET"]}}],"collection":[{"href":"https:\/\/mav.leine-solling.de\/index.php?rest_route=\/wp\/v2\/posts"}],"about":[{"href":"https:\/\/mav.leine-solling.de\/index.php?rest_route=\/wp\/v2\/types\/post"}],"author":[{"embeddable":true,"href":"https:\/\/mav.leine-solling.de\/index.php?rest_route=\/wp\/v2\/users\/1"}],"replies":[{"embeddable":true,"href":"https:\/\/mav.leine-solling.de\/index.php?rest_route=%2Fwp%2Fv2%2Fcomments&post=1359"}],"version-history":[{"count":7,"href":"https:\/\/mav.leine-solling.de\/index.php?rest_route=\/wp\/v2\/posts\/1359\/revisions"}],"predecessor-version":[{"id":1366,"href":"https:\/\/mav.leine-solling.de\/index.php?rest_route=\/wp\/v2\/posts\/1359\/revisions\/1366"}],"wp:attachment":[{"href":"https:\/\/mav.leine-solling.de\/index.php?rest_route=%2Fwp%2Fv2%2Fmedia&parent=1359"}],"wp:term":[{"taxonomy":"category","embeddable":true,"href":"https:\/\/mav.leine-solling.de\/index.php?rest_route=%2Fwp%2Fv2%2Fcategories&post=1359"},{"taxonomy":"post_tag","embeddable":true,"href":"https:\/\/mav.leine-solling.de\/index.php?rest_route=%2Fwp%2Fv2%2Ftags&post=1359"}],"curies":[{"name":"wp","href":"https:\/\/api.w.org\/{rel}","templated":true}]}}