{"id":131,"date":"2007-10-23T11:48:14","date_gmt":"2007-10-23T09:48:14","guid":{"rendered":"http:\/\/mav.leine-solling.de\/neu\/?p=131"},"modified":"2007-10-23T11:52:18","modified_gmt":"2007-10-23T09:52:18","slug":"arbeitgeber-verlassen-nach-45-minuten-adk-ausschusssitzung","status":"publish","type":"post","link":"https:\/\/mav.leine-solling.de\/?p=131","title":{"rendered":"Arbeitgeber verlassen nach knapp 45 Minuten ADK-Ausschusssitzung"},"content":{"rendered":"<p align=\"justify\">Am 19. Oktober trafen sich die Arbeitnehmer- und Arbeitgebervertreter in der <abbr class='c2c-text-hover' title='Arbeits- und Dienstrechtliche Kommission'>ADK<\/abbr>, um in einem Ausschuss \u00fcber ein m\u00f6gliches neues Tarifrecht in der Konf\u00f6deration evangelischer Kirchen in Niedersachsen weiter zu verhandeln. <!--more-->Als Ziel hatte die Arbeitgeberseite formuliert, bis Anfang November eine beschlussf\u00e4hige Vorlage in einem Gesamtpaket zu erarbeiten, welches dann auch eine Sonderzahlung beinhalten k\u00f6nne.<\/p>\n<p align=\"justify\">Bisher standen sich aber die Forderungen beider Seiten sehr kontr\u00e4r gegen\u00fcber. Zwar wird inzwischen auf der Grundlage des <abbr class='c2c-text-hover' title='Tarifvertrag der L\u00e4nder'>TV-L<\/abbr> des Landes Niedersachsen verhandelt, die Arbeitgeberseite beharrt aber auf eine deutliche tarifliche Absenkung gegen\u00fcber dem Standard des \u00f6ffentlichen Dienstes. Sie begr\u00fcndet dies mit der schwierigen finanziellen Situation der Kirchen. Den von der Arbeitnehmerseite geforderten schriftlichen Nachweis der Notwendigkeit tariflicher Absenkungen hat sie allerdings noch nicht erbracht.<!--more--><\/p>\n<p align=\"justify\">Demgegen\u00fcber betont die Arbeitnehmerseite, dass der <abbr class='c2c-text-hover' title='Tarifvertrag der L\u00e4nder'>TV-L<\/abbr> schon einen Kompromiss gegen\u00fcber der bisherigen tariflichen Regelung (<abbr class='c2c-text-hover' title='Bundesangestelltentarifvertrag'>BAT<\/abbr>\/ MTArb) darstelle, der mit finanziellen Einschnitten verbunden sei und es daher nur um die Regelung kirchenspezifischer Besonderheiten gehen k\u00f6nne.<\/p>\n<p align=\"justify\">Auch in der letzten Verhandlungsrunde gab es keine Ann\u00e4herung. Ganz im Gegenteil. Die Arbeitgeberseite verlie\u00df schon nach 42 Minuten mit dem Vorwurf die Sitzung, die Arbeitnehmerseite zeige keinerlei Entgegenkommen. Bisher habe sich nur die Arbeitgeberseite bewegt.<\/p>\n<p align=\"justify\">Quelle: Homepage des <a href=\"http:\/\/www.gamav.de\" title=\"Homepage des Gesamtausschusses\" target=\"_blank\">Gesamtausschusses <\/a><\/p>\n<p align=\"justify\">&nbsp;<\/p>\n","protected":false},"excerpt":{"rendered":"<p>Am 19. Oktober trafen sich die Arbeitnehmer- und Arbeitgebervertreter in der <abbr class='c2c-text-hover' title='Arbeits- und Dienstrechtliche Kommission'>ADK<\/abbr>, um in einem Ausschuss \u00fcber ein m\u00f6gliches neues Tarifrecht in der Konf\u00f6deration evangelischer Kirchen in Niedersachsen weiter zu verhandeln.<\/p>\n","protected":false},"author":1,"featured_media":0,"comment_status":"closed","ping_status":"closed","sticky":false,"template":"","format":"standard","meta":{"footnotes":""},"categories":[1],"tags":[],"class_list":["post-131","post","type-post","status-publish","format-standard","hentry","category-informationen"],"_links":{"self":[{"href":"https:\/\/mav.leine-solling.de\/index.php?rest_route=\/wp\/v2\/posts\/131","targetHints":{"allow":["GET"]}}],"collection":[{"href":"https:\/\/mav.leine-solling.de\/index.php?rest_route=\/wp\/v2\/posts"}],"about":[{"href":"https:\/\/mav.leine-solling.de\/index.php?rest_route=\/wp\/v2\/types\/post"}],"author":[{"embeddable":true,"href":"https:\/\/mav.leine-solling.de\/index.php?rest_route=\/wp\/v2\/users\/1"}],"replies":[{"embeddable":true,"href":"https:\/\/mav.leine-solling.de\/index.php?rest_route=%2Fwp%2Fv2%2Fcomments&post=131"}],"version-history":[{"count":0,"href":"https:\/\/mav.leine-solling.de\/index.php?rest_route=\/wp\/v2\/posts\/131\/revisions"}],"wp:attachment":[{"href":"https:\/\/mav.leine-solling.de\/index.php?rest_route=%2Fwp%2Fv2%2Fmedia&parent=131"}],"wp:term":[{"taxonomy":"category","embeddable":true,"href":"https:\/\/mav.leine-solling.de\/index.php?rest_route=%2Fwp%2Fv2%2Fcategories&post=131"},{"taxonomy":"post_tag","embeddable":true,"href":"https:\/\/mav.leine-solling.de\/index.php?rest_route=%2Fwp%2Fv2%2Ftags&post=131"}],"curies":[{"name":"wp","href":"https:\/\/api.w.org\/{rel}","templated":true}]}}