{"id":1295,"date":"2012-02-10T11:15:48","date_gmt":"2012-02-10T10:15:48","guid":{"rendered":"http:\/\/mav.leine-solling.de\/?p=1295"},"modified":"2012-02-10T11:43:52","modified_gmt":"2012-02-10T10:43:52","slug":"mav-organisiert-probesitzen","status":"publish","type":"post","link":"https:\/\/mav.leine-solling.de\/?p=1295","title":{"rendered":"MAV organisiert Probesitzen"},"content":{"rendered":"<p style=\"text-align: center;\"><a href=\"https:\/\/mav.leine-solling.de\/wp-content\/uploads\/2012\/02\/stuehle.jpg\"><img loading=\"lazy\" decoding=\"async\" class=\"aligncenter size-medium wp-image-1305\" title=\"Erzieherinnen-St\u00fchle\" src=\"https:\/\/mav.leine-solling.de\/wp-content\/uploads\/2012\/02\/stuehle-276x300.jpg\" alt=\"\" width=\"276\" height=\"300\" srcset=\"https:\/\/mav.leine-solling.de\/wp-content\/uploads\/2012\/02\/stuehle-276x300.jpg 276w, https:\/\/mav.leine-solling.de\/wp-content\/uploads\/2012\/02\/stuehle-943x1024.jpg 943w, https:\/\/mav.leine-solling.de\/wp-content\/uploads\/2012\/02\/stuehle.jpg 1122w\" sizes=\"auto, (max-width: 276px) 100vw, 276px\" \/><\/a><\/p>\n<p>Wir haben es auf der Mitarbeiterversammlung angek\u00fcndigt, jetzt nimmt es Formen an: Das <abbr class='c2c-text-hover' title='Mitarbeitervertretung'>MAV<\/abbr> B\u00fcro ist voll mit Spezialst\u00fchlen f\u00fcr Erzieher(-innen). <!--more-->Nach unserer Umfrage im Herbst haben wir Kontakt zu Herstellern von diesen sehr sinnvollen Ger\u00e4ten aufgenommen und um die Zusendung von Probest\u00fchlen gebeten. In den n\u00e4chsten Wochen werden wir bis zu 15 unterschiedliche Modelle zur Verf\u00fcgung gestellt bekommen, die dann von den Einrichtungen zum Probesitzen abgeholt werden k\u00f6nnen. Links oben auf dieser Seite kann man auf die Sonderseite gelangen, in der alle bereitstehenden St\u00fchle abgebildet sind. Au\u00dferdem kann man ersehen, ob die St\u00fchle gerade unterwegs sind und ab wann sie voraussichtlich wieder zur Verf\u00fcgung stehen. So kann jede Einrichtung im Vorfeld schon mal sichten, welche St\u00fchle ausgeliehen werden sollen, um sich dann mit uns in Verbindung setzten (<a title=\"Kontakt\" href=\"https:\/\/mav.leine-solling.de\/?page_id=2\" target=\"_blank\">Kontakt<\/a>). Angefragt sind die Firmen Widmaier (St\u00fchle sind schon da), ergo:nomie (voraussichtlich ab 14.02.) und Org-Delta (voraussichtlich ab 27.02.). Wir k\u00f6nnen allen Kollegen und Kolleginnen nur empfehlen, von diesem Angebot reichlich Gebrauch zu machen.<\/p>\n<p>Der ergonomisch sinnvoll gestaltete Stuhl erlaubt ein R\u00fcckenschonendes Arbeiten auf H\u00f6he der Kinder. Verschiedene Arbeitssituationen k\u00f6nnen durch unterschiedlich gestaltete St\u00fchle sinnvoll unterst\u00fctzt werden. Die Hersteller haben sehr unterschiedliche L\u00f6sungen entwickelt, die es auszuprobieren gilt. Der R\u00fccken wird es danken. Denn nach wie vor gilt: Wir k\u00f6nnen die Arbeitsleistung bis 67 nur dann bringen, wenn wir die Belastungen f\u00fcr den K\u00f6rper so weit es geht reduzieren. Dazu geh\u00f6rt vern\u00fcnftiges Arbeitsger\u00e4t.<\/p>\n<p>Die Mitarbeitervertretung ist stolz darauf, den Kollegen und Kolleginnen in den Kindertagesst\u00e4tten des Kirchenkreises Leine Solling eine so umfangreiche Auswahl zum Probesitzen zur Verf\u00fcgung stellen zu k\u00f6nnen und bedankt sich herzlich bei den beteiligten Firmen. Wir finden es ist von gro\u00dfer Bedeutung, ein solches Arbeitsger\u00e4t nicht nur mal kurz im Laden auszuprobieren, sondern im normalen Arbeitsalltag auf seine Tauglichkeit zu testen. Nur so kann man wirkliche Praxistauglichkeit eines Modells herausfinden.<\/p>\n<p>Als Zugabe gibt es f\u00fcr jede Einrichtung die Brosch\u00fcre der <abbr class='c2c-text-hover' title='Evangelische Fachstelle f\u00fcr Arbeitssicherheit'>EFAS<\/abbr>: &#8222;Gesundes Sitzen mit Kindern. Ergebnisse einer <abbr class='c2c-text-hover' title='Evangelische Fachstelle f\u00fcr Arbeitssicherheit'>EFAS<\/abbr>-Studie zum Einsatz von erwachsenengerechtem Mobiliar in Kindertageseinrichtungen unter Ber\u00fccksichtigung ergonomischer\u00a0 und arbeitsmedizinischer Aspekte.&#8220; Da kann man noch mal nachlesen, was man beim Probesitzen sp\u00fcren konnte.<\/p>\n","protected":false},"excerpt":{"rendered":"<p>Wir haben es auf der Mitarbeiterversammlung angek\u00fcndigt, jetzt nimmt es Formen an: Das <abbr class='c2c-text-hover' title='Mitarbeitervertretung'>MAV<\/abbr> B\u00fcro ist voll mit Spezialst\u00fchlen f\u00fcr Erzieher(-innen).<\/p>\n","protected":false},"author":1,"featured_media":0,"comment_status":"closed","ping_status":"closed","sticky":false,"template":"","format":"standard","meta":{"footnotes":""},"categories":[1],"tags":[37,57,60,59,40],"class_list":["post-1295","post","type-post","status-publish","format-standard","hentry","category-informationen","tag-arbeitssicherheit","tag-ergonomie","tag-erzieherinnenstuhle","tag-erzieherstuhle","tag-kita"],"_links":{"self":[{"href":"https:\/\/mav.leine-solling.de\/index.php?rest_route=\/wp\/v2\/posts\/1295","targetHints":{"allow":["GET"]}}],"collection":[{"href":"https:\/\/mav.leine-solling.de\/index.php?rest_route=\/wp\/v2\/posts"}],"about":[{"href":"https:\/\/mav.leine-solling.de\/index.php?rest_route=\/wp\/v2\/types\/post"}],"author":[{"embeddable":true,"href":"https:\/\/mav.leine-solling.de\/index.php?rest_route=\/wp\/v2\/users\/1"}],"replies":[{"embeddable":true,"href":"https:\/\/mav.leine-solling.de\/index.php?rest_route=%2Fwp%2Fv2%2Fcomments&post=1295"}],"version-history":[{"count":5,"href":"https:\/\/mav.leine-solling.de\/index.php?rest_route=\/wp\/v2\/posts\/1295\/revisions"}],"predecessor-version":[{"id":1300,"href":"https:\/\/mav.leine-solling.de\/index.php?rest_route=\/wp\/v2\/posts\/1295\/revisions\/1300"}],"wp:attachment":[{"href":"https:\/\/mav.leine-solling.de\/index.php?rest_route=%2Fwp%2Fv2%2Fmedia&parent=1295"}],"wp:term":[{"taxonomy":"category","embeddable":true,"href":"https:\/\/mav.leine-solling.de\/index.php?rest_route=%2Fwp%2Fv2%2Fcategories&post=1295"},{"taxonomy":"post_tag","embeddable":true,"href":"https:\/\/mav.leine-solling.de\/index.php?rest_route=%2Fwp%2Fv2%2Ftags&post=1295"}],"curies":[{"name":"wp","href":"https:\/\/api.w.org\/{rel}","templated":true}]}}