{"id":1168,"date":"2011-11-29T10:58:50","date_gmt":"2011-11-29T08:58:50","guid":{"rendered":"http:\/\/mav.leine-solling.de\/?p=1168"},"modified":"2011-11-29T10:58:50","modified_gmt":"2011-11-29T08:58:50","slug":"grippe-krank-was-nun","status":"publish","type":"post","link":"https:\/\/mav.leine-solling.de\/?p=1168","title":{"rendered":"Grippe? Krank? Was nun?"},"content":{"rendered":"<p style=\"text-align: center;\"><a href=\"https:\/\/mav.leine-solling.de\/wp-content\/uploads\/2011\/11\/erkaeltung.jpg\"><img loading=\"lazy\" decoding=\"async\" class=\"size-full wp-image-1169 aligncenter\" title=\"erkaeltung\" src=\"https:\/\/mav.leine-solling.de\/wp-content\/uploads\/2011\/11\/erkaeltung.jpg\" alt=\"\" width=\"252\" height=\"179\" srcset=\"https:\/\/mav.leine-solling.de\/wp-content\/uploads\/2011\/11\/erkaeltung.jpg 420w, https:\/\/mav.leine-solling.de\/wp-content\/uploads\/2011\/11\/erkaeltung-300x212.jpg 300w\" sizes=\"auto, (max-width: 252px) 100vw, 252px\" \/><\/a><\/p>\n<p style=\"text-align: center;\">Jedes Jahr das Gleiche. Die Grippewelle hat wieder zugeschlagen!<\/p>\n<p style=\"text-align: center;\">Zur Erinnerung hier mal wieder unsere Tipps f\u00fcr diejenigen, die es diesmal erwischt hat:<\/p>\n<p style=\"text-align: center;\">Wir sind als Arbeitnehmer verpflichtet, dem Arbeitgeber die Arbeitsunf\u00e4higkeit und deren voraussichtliche Dauer unverz\u00fcglich mitzuteilen.<\/p>\n<p style=\"text-align: center;\">Dauert die Arbeitsunf\u00e4higkeit\u00a0<strong>l\u00e4nger als drei Kalendertage<\/strong>, hat der Arbeitnehmer eine \u00e4rztliche Bescheinigung \u00fcber das Bestehen der Arbeitsunf\u00e4higkeit sowie deren voraussichtliche Dauer\u00a0<strong>sp\u00e4testens am darauffolgenden Arbeitstag<\/strong>\u00a0vorzulegen.\u00a0Der Arbeitgeber ist allerdings berechtigt, die Vorlage der \u00e4rztlichen Bescheinigung fr\u00fcher zu verlangen.<\/p>\n<p style=\"text-align: center;\">Dauert die Arbeitsunf\u00e4higkeit l\u00e4nger als in der Bescheinigung angegeben, ist der Arbeitnehmer verpflichtet, eine neue \u00e4rztliche Bescheinigung vorzulegen.<\/p>\n<p style=\"text-align: center;\">Ist der Arbeitnehmer Mitglied einer gesetzlichen Krankenkasse, mu\u00df die \u00e4rztliche Bescheinigung einen Vermerk des behandelnden Arztes dar\u00fcber enthalten, da\u00df der Krankenkasse unverz\u00fcglich eine Bescheinigung \u00fcber die Arbeitsunf\u00e4higkeit mit Angaben \u00fcber den Befund und die voraussichtliche Dauer der Arbeitsunf\u00e4higkeit \u00fcbersandt wird.<\/p>\n<p style=\"text-align: center;\">Na dann: Gute Besserung \ud83d\ude42<\/p>\n","protected":false},"excerpt":{"rendered":"<p>Jedes Jahr das Gleiche. Die Grippewelle hat wieder zugeschlagen! Zur Erinnerung hier mal wieder unsere Tipps f\u00fcr diejenigen, die es diesmal erwischt hat: Wir sind als Arbeitnehmer verpflichtet, dem Arbeitgeber die Arbeitsunf\u00e4higkeit und deren voraussichtliche Dauer unverz\u00fcglich mitzuteilen. Dauert die Arbeitsunf\u00e4higkeit\u00a0l\u00e4nger als drei Kalendertage, hat der Arbeitnehmer eine \u00e4rztliche Bescheinigung \u00fcber das Bestehen der Arbeitsunf\u00e4higkeit [&hellip;]<\/p>\n","protected":false},"author":1,"featured_media":0,"comment_status":"closed","ping_status":"closed","sticky":false,"template":"","format":"standard","meta":{"footnotes":""},"categories":[1],"tags":[],"class_list":["post-1168","post","type-post","status-publish","format-standard","hentry","category-informationen"],"_links":{"self":[{"href":"https:\/\/mav.leine-solling.de\/index.php?rest_route=\/wp\/v2\/posts\/1168","targetHints":{"allow":["GET"]}}],"collection":[{"href":"https:\/\/mav.leine-solling.de\/index.php?rest_route=\/wp\/v2\/posts"}],"about":[{"href":"https:\/\/mav.leine-solling.de\/index.php?rest_route=\/wp\/v2\/types\/post"}],"author":[{"embeddable":true,"href":"https:\/\/mav.leine-solling.de\/index.php?rest_route=\/wp\/v2\/users\/1"}],"replies":[{"embeddable":true,"href":"https:\/\/mav.leine-solling.de\/index.php?rest_route=%2Fwp%2Fv2%2Fcomments&post=1168"}],"version-history":[{"count":2,"href":"https:\/\/mav.leine-solling.de\/index.php?rest_route=\/wp\/v2\/posts\/1168\/revisions"}],"predecessor-version":[{"id":1171,"href":"https:\/\/mav.leine-solling.de\/index.php?rest_route=\/wp\/v2\/posts\/1168\/revisions\/1171"}],"wp:attachment":[{"href":"https:\/\/mav.leine-solling.de\/index.php?rest_route=%2Fwp%2Fv2%2Fmedia&parent=1168"}],"wp:term":[{"taxonomy":"category","embeddable":true,"href":"https:\/\/mav.leine-solling.de\/index.php?rest_route=%2Fwp%2Fv2%2Fcategories&post=1168"},{"taxonomy":"post_tag","embeddable":true,"href":"https:\/\/mav.leine-solling.de\/index.php?rest_route=%2Fwp%2Fv2%2Ftags&post=1168"}],"curies":[{"name":"wp","href":"https:\/\/api.w.org\/{rel}","templated":true}]}}