{"id":1147,"date":"2011-11-08T11:40:16","date_gmt":"2011-11-08T09:40:16","guid":{"rendered":"http:\/\/mav.leine-solling.de\/?p=1147"},"modified":"2011-11-08T11:42:52","modified_gmt":"2011-11-08T09:42:52","slug":"mvv-andert-struktur-und-erhoht-mitgliedsbeitrage-zum-01-01-2012","status":"publish","type":"post","link":"https:\/\/mav.leine-solling.de\/?p=1147","title":{"rendered":"MVV \u00e4ndert Struktur und erh\u00f6ht Mitgliedsbeitr\u00e4ge zum 01.01.2012"},"content":{"rendered":"<p>Auf der Mitgliederversammlung des <a href=\"https:\/\/mav.leine-solling.de\/neu\/?page_id=90\" target=\"_blank\"><abbr class='c2c-text-hover' title='Mitarbeitervertretungsverband'>MVV<\/abbr><\/a> am 31.10.2011 wurde beschlossen, dass sich der <abbr class='c2c-text-hover' title='Mitarbeitervertretungsverband'>MVV<\/abbr> zu einer Gewerkschaft weiterentwickeln soll. Auf dem Weg dort hin wird ab 01.01.2011 die Struktur der Mitgliedsbeitr\u00e4ge ver\u00e4ndert. F\u00fcr die, dann in der Regel h\u00f6heren, Beitr\u00e4ge sollen die Mitglieder Rechtsschutz in Arbeitsrechtsfragen erhalten.<\/p>\n<p>Die neue Beitragsstaffel sieht folgenderma\u00dfen aus:<\/p>\n<p>Entgeltgruppe Monatsbeitrag<br \/>\n9 und h\u00f6her \u00a0 \u00a0\u00a0 9,90 \u20ac<br \/>\n8\u00a0\u00a0\u00a0\u00a0\u00a0\u00a0\u00a0 \u00a0 \u00a0 \u00a0 \u00a0 \u00a0 \u00a0 \u00a0 \u00a0 \u00a0 \u00a0 9,00 \u20ac<br \/>\n6\u00a0\u00a0\u00a0\u00a0\u00a0\u00a0\u00a0\u00a0\u00a0\u00a0\u00a0\u00a0\u00a0\u00a0\u00a0\u00a0\u00a0\u00a0\u00a0\u00a0\u00a0\u00a0\u00a0\u00a0\u00a0\u00a0\u00a0 8,50 \u20ac<br \/>\n5\u00a0\u00a0\u00a0\u00a0\u00a0\u00a0\u00a0\u00a0\u00a0\u00a0\u00a0\u00a0\u00a0\u00a0\u00a0\u00a0\u00a0\u00a0\u00a0\u00a0\u00a0\u00a0\u00a0\u00a0\u00a0\u00a0\u00a0 8,00 \u20ac<br \/>\n4\u00a0\u00a0\u00a0\u00a0\u00a0\u00a0\u00a0\u00a0\u00a0\u00a0\u00a0\u00a0\u00a0\u00a0\u00a0\u00a0\u00a0\u00a0\u00a0\u00a0\u00a0\u00a0\u00a0\u00a0\u00a0\u00a0\u00a0 7,50 \u20ac<br \/>\n3 und tiefer\u00a0\u00a0\u00a0\u00a0\u00a0 7,00 \u20ac<br \/>\nBesch\u00e4ftigte unter 20 Wochenstunden zahlen den halben Beitrag.<\/p>\n<p>Weitere Informationen finden sich auf der <a href=\"http:\/\/www.mvv-k.de\" target=\"_blank\">Webseite des <abbr class='c2c-text-hover' title='Mitarbeitervertretungsverband'>MVV<\/abbr><\/a> unter dem Stichwort &#8222;Mitgliederversammlung 2011&#8220;.<\/p>\n","protected":false},"excerpt":{"rendered":"<p>Auf der Mitgliederversammlung des <abbr class='c2c-text-hover' title='Mitarbeitervertretungsverband'>MVV<\/abbr> am 31.10.2011 wurde beschlossen, dass sich der <abbr class='c2c-text-hover' title='Mitarbeitervertretungsverband'>MVV<\/abbr> zu einer Gewerkschaft weiterentwickeln soll. Auf dem Weg dort hin wird ab 01.01.2011 die Struktur der Mitgliedsbeitr\u00e4ge ver\u00e4ndert. F\u00fcr die, dann in der Regel h\u00f6heren, Beitr\u00e4ge sollen die Mitglieder Rechtsschutz in Arbeitsrechtsfragen erhalten. Die neue Beitragsstaffel sieht folgenderma\u00dfen aus: Entgeltgruppe Monatsbeitrag 9 [&hellip;]<\/p>\n","protected":false},"author":1,"featured_media":0,"comment_status":"closed","ping_status":"closed","sticky":false,"template":"","format":"standard","meta":{"footnotes":""},"categories":[1],"tags":[19,48,47],"class_list":["post-1147","post","type-post","status-publish","format-standard","hentry","category-informationen","tag-adk","tag-gewerkschaft","tag-mvv"],"_links":{"self":[{"href":"https:\/\/mav.leine-solling.de\/index.php?rest_route=\/wp\/v2\/posts\/1147","targetHints":{"allow":["GET"]}}],"collection":[{"href":"https:\/\/mav.leine-solling.de\/index.php?rest_route=\/wp\/v2\/posts"}],"about":[{"href":"https:\/\/mav.leine-solling.de\/index.php?rest_route=\/wp\/v2\/types\/post"}],"author":[{"embeddable":true,"href":"https:\/\/mav.leine-solling.de\/index.php?rest_route=\/wp\/v2\/users\/1"}],"replies":[{"embeddable":true,"href":"https:\/\/mav.leine-solling.de\/index.php?rest_route=%2Fwp%2Fv2%2Fcomments&post=1147"}],"version-history":[{"count":3,"href":"https:\/\/mav.leine-solling.de\/index.php?rest_route=\/wp\/v2\/posts\/1147\/revisions"}],"predecessor-version":[{"id":1149,"href":"https:\/\/mav.leine-solling.de\/index.php?rest_route=\/wp\/v2\/posts\/1147\/revisions\/1149"}],"wp:attachment":[{"href":"https:\/\/mav.leine-solling.de\/index.php?rest_route=%2Fwp%2Fv2%2Fmedia&parent=1147"}],"wp:term":[{"taxonomy":"category","embeddable":true,"href":"https:\/\/mav.leine-solling.de\/index.php?rest_route=%2Fwp%2Fv2%2Fcategories&post=1147"},{"taxonomy":"post_tag","embeddable":true,"href":"https:\/\/mav.leine-solling.de\/index.php?rest_route=%2Fwp%2Fv2%2Ftags&post=1147"}],"curies":[{"name":"wp","href":"https:\/\/api.w.org\/{rel}","templated":true}]}}