{"id":1093,"date":"2011-09-02T10:23:43","date_gmt":"2011-09-02T08:23:43","guid":{"rendered":"http:\/\/mav.leine-solling.de\/?p=1093"},"modified":"2011-09-02T11:24:45","modified_gmt":"2011-09-02T09:24:45","slug":"fursorge-fur-altere-mitarbeitende-notwendig","status":"publish","type":"post","link":"https:\/\/mav.leine-solling.de\/?p=1093","title":{"rendered":"F\u00fcrsorge f\u00fcr \u00e4ltere Mitarbeitende notwendig"},"content":{"rendered":"<p><strong>Anpassung der Arbeitsbedingungen und Altersteilzeitregelungen \u2013notwendige Reaktion auf demografischen Wandel<\/strong>.<br \/>\nEin Ergebnis unserer Umfrage unter den Mitarbeitenden der Kindertagesst\u00e4tten im Kirchenkreis Leine-Solling war die problematische Altersstruktur der Kollegen und Kolleginnen in den Einrichtungen. Unter den gesamten p\u00e4dagogischen Mitarbeitenden des <abbr class='c2c-text-hover' title='Kirchenkreis'>KK<\/abbr> Leine Solling verteilen sich die Alterscluster wie folgt (Stand Ende 2010):<\/p>\n<table border=\"1\" cellspacing=\"0\" cellpadding=\"0\" width=\"480\">\n<tbody>\n<tr>\n<td width=\"80\">Alter<\/td>\n<td width=\"80\">bis 30<\/td>\n<td width=\"80\">30-40<\/td>\n<td width=\"80\">40-50<\/td>\n<td width=\"80\">50-60<\/td>\n<td width=\"80\">\u00fcber 60<\/td>\n<\/tr>\n<tr>\n<td width=\"80\">Anzahl<\/td>\n<td width=\"80\">19<\/td>\n<td width=\"80\">32<\/td>\n<td width=\"80\">54<\/td>\n<td width=\"80\">70<\/td>\n<td width=\"80\">5<\/td>\n<\/tr>\n<tr>\n<td width=\"80\">Anteil<\/td>\n<td width=\"80\">11%<\/td>\n<td width=\"80\">18%<\/td>\n<td width=\"80\">30%<\/td>\n<td width=\"80\">39%<\/td>\n<td width=\"80\">3%<\/td>\n<\/tr>\n<\/tbody>\n<\/table>\n<p>&nbsp;<\/p>\n<p>Bedingt durch die M\u00f6glichkeit der Altersteilzeit ist der Anteil der \u00fcber 60j\u00e4hrigen Mitarbeitenden derzeit noch relativ gering. Nach dem Wegfall dieser Regelung ist zu erwarten, dass mehr Mitarbeitende bis zum Eintritt der Altersrente im Beruf bleiben (m\u00fcssen). Rechnet man die vorliegenden Daten nur 5 Jahre weiter, so sind 71 Mitarbeitende zwischen 50 und 60 (39%) und 35 \u00fcber 60 (19%). Und wenn \u00e4ltere Mitarbeitende l\u00e4nger arbeiten m\u00fcssen, hei\u00dft das auch, dass weniger J\u00fcngere nachr\u00fccken k\u00f6nnen.<!--more--><\/p>\n<p>Eine Suchanfrage bei Google zum Stichwort \u201edemografischer Wandel, Mitarbeiter\u201c ergab 1.640.000 Eintr\u00e4ge. Nur bei der Landeskirche scheint sich nichts zu r\u00fchren. Die <abbr class='c2c-text-hover' title='Arbeits- und Dienstrechtliche Kommission'>ADK<\/abbr> soll sich auf Antrag der Arbeitgeberseite mit Notlagenregelungen besch\u00e4ftigen, die Arbeitnehmerseite w\u00fcrde gern \u00fcber die Tarif\u00fcbernahme des Ergebnisses des <abbr class='c2c-text-hover' title='Tarifvertrag der L\u00e4nder'>TV-L<\/abbr> reden. Das Thema, wie die immer \u00e4lter werdenden Mitarbeitenden in der Landeskirche ihre Arbeit m\u00f6glichst gesund und ihrer Leistungsf\u00e4higkeit angemessen aus\u00fcben k\u00f6nnen, steht nicht auf der Tagesordnung.<br \/>\nIn den Kindertagesst\u00e4tten brennt das Thema auf den N\u00e4geln. Viele der \u00e4lteren Mitarbeitenden haben k\u00f6rperliche Beschwerden etwa beim Heben von Kindern oder dem Beugen \u00fcber niedrige Kindertische <abbr class='c2c-text-hover' title='zum Beispiel'>z.B.<\/abbr> w\u00e4hrend der Essenszeiten. Hier k\u00f6nnten m\u00f6glicherweise technische Mittel oder personelle Ma\u00dfnahmen Unterst\u00fctzung leisten. Aber die kosten Geld und die Kommunen als Refinanzierer legen sich quer. Wenn \u00fcberhaupt, k\u00f6nnen hier also nur kircheneigene Mittel eingesetzt werden. Diese werden ebenso f\u00fcr eine kirchliche Altersteilzeitregelung ben\u00f6tigt. Es ist schwer vorstellbar, mit 67 Jahren Kleinkinder zu betreuen. Bei dem wenig ausk\u00f6mmlichen Einkommen von Erzieherinnen k\u00f6nnen es sich aber die wenigsten leisten, vorzeitig in Rente zu gehen und die Abstriche hinzunehmen. Auch hier besteht also ein dringender Handlungsbedarf f\u00fcr eine kircheneigene Regelung.<br \/>\nDar\u00fcber zu verhandeln, den \u201edritten Weg\u201c zur Verbesserung der Qualit\u00e4t der Arbeitsbedingungen zu nutzen, sollte Anliegen aller in der <abbr class='c2c-text-hover' title='Arbeits- und Dienstrechtliche Kommission'>ADK<\/abbr> vertretenden Gruppierungen sein. Denn auch die Arbeitgeber schreiben sich auf die Fahnen, f\u00fcrsorglich f\u00fcr die Mitarbeitenden zu sorgen. Es geh\u00f6rt schlie\u00dflich auch zu ihren Pflichten, die Arbeitspl\u00e4tze so zu gestalten, dass Sie nicht krank machen oder Erkrankungen versch\u00e4rfen. Dies beinhaltet auch, fr\u00fchzeitig auf die Herausforderungen des demografischen Wandels zu reagieren. Gerade kirchliche Einrichtungen sollten hier Vorbildfunktionen wahrnehmen und nicht nur einer Gewinnmaximierung zu Gunsten der R\u00fccklage Vorrang geben.<\/p>\n","protected":false},"excerpt":{"rendered":"<p>Anpassung der Arbeitsbedingungen und Altersteilzeitregelungen \u2013notwendige Reaktion auf demografischen Wandel. Ein Ergebnis unserer Umfrage unter den Mitarbeitenden der Kindertagesst\u00e4tten im Kirchenkreis Leine-Solling war die problematische Altersstruktur der Kollegen und Kolleginnen in den Einrichtungen. Unter den gesamten p\u00e4dagogischen Mitarbeitenden des <abbr class='c2c-text-hover' title='Kirchenkreis'>KK<\/abbr> Leine Solling verteilen sich die Alterscluster wie folgt (Stand Ende 2010): Alter bis 30 30-40 [&hellip;]<\/p>\n","protected":false},"author":1,"featured_media":0,"comment_status":"closed","ping_status":"closed","sticky":false,"template":"","format":"standard","meta":{"footnotes":""},"categories":[1],"tags":[],"class_list":["post-1093","post","type-post","status-publish","format-standard","hentry","category-informationen"],"_links":{"self":[{"href":"https:\/\/mav.leine-solling.de\/index.php?rest_route=\/wp\/v2\/posts\/1093","targetHints":{"allow":["GET"]}}],"collection":[{"href":"https:\/\/mav.leine-solling.de\/index.php?rest_route=\/wp\/v2\/posts"}],"about":[{"href":"https:\/\/mav.leine-solling.de\/index.php?rest_route=\/wp\/v2\/types\/post"}],"author":[{"embeddable":true,"href":"https:\/\/mav.leine-solling.de\/index.php?rest_route=\/wp\/v2\/users\/1"}],"replies":[{"embeddable":true,"href":"https:\/\/mav.leine-solling.de\/index.php?rest_route=%2Fwp%2Fv2%2Fcomments&post=1093"}],"version-history":[{"count":6,"href":"https:\/\/mav.leine-solling.de\/index.php?rest_route=\/wp\/v2\/posts\/1093\/revisions"}],"predecessor-version":[{"id":1096,"href":"https:\/\/mav.leine-solling.de\/index.php?rest_route=\/wp\/v2\/posts\/1093\/revisions\/1096"}],"wp:attachment":[{"href":"https:\/\/mav.leine-solling.de\/index.php?rest_route=%2Fwp%2Fv2%2Fmedia&parent=1093"}],"wp:term":[{"taxonomy":"category","embeddable":true,"href":"https:\/\/mav.leine-solling.de\/index.php?rest_route=%2Fwp%2Fv2%2Fcategories&post=1093"},{"taxonomy":"post_tag","embeddable":true,"href":"https:\/\/mav.leine-solling.de\/index.php?rest_route=%2Fwp%2Fv2%2Ftags&post=1093"}],"curies":[{"name":"wp","href":"https:\/\/api.w.org\/{rel}","templated":true}]}}